{"id":5931,"date":"2019-05-14T14:54:51","date_gmt":"2019-05-14T12:54:51","guid":{"rendered":""},"modified":"2024-08-15T15:52:38","modified_gmt":"2024-08-15T13:52:38","slug":"celebracion-dia-del-docente-2019","status":"publish","type":"post","link":"https:\/\/vicerrectorias.utp.edu.co\/responsabilidad-social\/celebracion-dia-del-docente-2019\/","title":{"rendered":"Celebraci\u00f3n D\u00eda del Docente 2019"},"content":{"rendered":"\n<p><span class=\"post-content__span\"> <span>El Rector de la Universidad Tecnol\u00f3gica de Pereira, Doctor Luis Fernando Gaviria Trujillo tiene el gusto de invitar a la celebraci\u00f3n&nbsp;del D\u00eda del Docente que se llevar\u00e1 a cabo el pr\u00f3ximo&nbsp;mi\u00e9rcoles&nbsp;15 de mayo en el auditorio Jorge Roa Mart\u00ednez a las 4:00 de la tarde.&nbsp;<\/span><\/p>\n\n\n\n<figure class=\"wp-block-image\"><img decoding=\"async\" src=\"https:\/\/vicerrectorias.utp.edu.co\/responsabilidad-social\/wp-content\/uploads\/sites\/12\/tarjeta-docente-02%20%281%29%20copia.jpg\" alt=\"\"\/><\/figure>\n","protected":false},"excerpt":{"rendered":"<p>El Rector de la Universidad Tecnol\u00f3gica de Pereira, Doctor Luis Fernando Gaviria Trujillo tiene el gusto de invitar a la [&hellip;]<\/p>\n","protected":false},"author":0,"featured_media":60435,"comment_status":"closed","ping_status":"closed","sticky":false,"template":"","format":"standard","meta":{"footnotes":""},"categories":[3],"tags":[],"class_list":["post-5931","post","type-post","status-publish","format-standard","has-post-thumbnail","hentry","category-noticias"],"_links":{"self":[{"href":"https:\/\/vicerrectorias.utp.edu.co\/responsabilidad-social\/wp-json\/wp\/v2\/posts\/5931","targetHints":{"allow":["GET"]}}],"collection":[{"href":"https:\/\/vicerrectorias.utp.edu.co\/responsabilidad-social\/wp-json\/wp\/v2\/posts"}],"about":[{"href":"https:\/\/vicerrectorias.utp.edu.co\/responsabilidad-social\/wp-json\/wp\/v2\/types\/post"}],"replies":[{"embeddable":true,"href":"https:\/\/vicerrectorias.utp.edu.co\/responsabilidad-social\/wp-json\/wp\/v2\/comments?post=5931"}],"version-history":[{"count":1,"href":"https:\/\/vicerrectorias.utp.edu.co\/responsabilidad-social\/wp-json\/wp\/v2\/posts\/5931\/revisions"}],"predecessor-version":[{"id":9025,"href":"https:\/\/vicerrectorias.utp.edu.co\/responsabilidad-social\/wp-json\/wp\/v2\/posts\/5931\/revisions\/9025"}],"wp:featuredmedia":[{"embeddable":true,"href":"https:\/\/vicerrectorias.utp.edu.co\/responsabilidad-social\/wp-json\/wp\/v2\/media\/60435"}],"wp:attachment":[{"href":"https:\/\/vicerrectorias.utp.edu.co\/responsabilidad-social\/wp-json\/wp\/v2\/media?parent=5931"}],"wp:term":[{"taxonomy":"category","embeddable":true,"href":"https:\/\/vicerrectorias.utp.edu.co\/responsabilidad-social\/wp-json\/wp\/v2\/categories?post=5931"},{"taxonomy":"post_tag","embeddable":true,"href":"https:\/\/vicerrectorias.utp.edu.co\/responsabilidad-social\/wp-json\/wp\/v2\/tags?post=5931"}],"curies":[{"name":"wp","href":"https:\/\/api.w.org\/{rel}","templated":true}]}}