{"id":5921,"date":"2019-05-10T07:58:05","date_gmt":"2019-05-10T05:58:05","guid":{"rendered":""},"modified":"2024-08-20T14:39:06","modified_gmt":"2024-08-20T12:39:06","slug":"utp-primer-puesto-encuentro-regional-ascun","status":"publish","type":"post","link":"https:\/\/vicerrectorias.utp.edu.co\/responsabilidad-social\/utp-primer-puesto-encuentro-regional-ascun\/","title":{"rendered":"UTP Primer puesto Encuentro Regional Ascun"},"content":{"rendered":"\n<p><span class=\"post-content__span\"> La UTP obtuvo el Primer Puesto en Encuentro Regional de Danza Folcl\u00f3rica ASCUN 2019<\/p>\n\n\n\n<p><span class=\"post-content__span\"> <img decoding=\"async\" src=\"https:\/\/comunicaciones.utp.edu.co\/wp-content\/uploads\/sites\/2\/trietnias.jpg\"><\/p>\n\n\n\n<p><span class=\"post-content__span\"> El grupo de danzas folcl\u00f3ricas de la Universidad Tecnol\u00f3gica de Pereira, Trietnias, obtuvo el primer puesto en el Encuentro Regional de Danza Folcl\u00f3rica ASCUN 2019 realizado en Armenia, Quind\u00edo.<\/p>\n\n\n\n<p><span class=\"post-content__span\"> El&nbsp;Encuentro Regional de Danza Folcl\u00f3rica ASCUN 2019,&nbsp;se realiz\u00f3 el 6 y 7 de mayo en la Universidad del Quind\u00edo. En esta oportunidad&nbsp;el concurso calific\u00f3 la investigaci\u00f3n, el rescate de la cultura, la puesta en escena, la inclusi\u00f3n de la m\u00fasica tradicional, el vestuario tradicional y la presentaci\u00f3n.<\/p>\n\n\n\n<p><span class=\"post-content__span\"> Trietnias lleva&nbsp;30 a\u00f1os representado a la Universidad Tecnol\u00f3gica de Pereira en los diferentes concursos que buscan rescatar las tradiciones culturales de la regi\u00f3n cafetera,&nbsp;a trav\u00e9s de la m\u00fasica y la danza.<\/p>\n\n\n\n<figure class=\"wp-block-image\"><img decoding=\"async\" src=\"https:\/\/comunicaciones.utp.edu.co\/wp-content\/uploads\/sites\/2\/alvaro-trietnias-reconocimiento.jpg\" alt=\"\"\/><\/figure>\n","protected":false},"excerpt":{"rendered":"<p>La UTP obtuvo el Primer Puesto en Encuentro Regional de Danza Folcl\u00f3rica ASCUN 2019 El grupo de danzas folcl\u00f3ricas de [&hellip;]<\/p>\n","protected":false},"author":0,"featured_media":60434,"comment_status":"closed","ping_status":"closed","sticky":false,"template":"","format":"standard","meta":{"footnotes":""},"categories":[3],"tags":[],"class_list":["post-5921","post","type-post","status-publish","format-standard","has-post-thumbnail","hentry","category-noticias"],"_links":{"self":[{"href":"https:\/\/vicerrectorias.utp.edu.co\/responsabilidad-social\/wp-json\/wp\/v2\/posts\/5921","targetHints":{"allow":["GET"]}}],"collection":[{"href":"https:\/\/vicerrectorias.utp.edu.co\/responsabilidad-social\/wp-json\/wp\/v2\/posts"}],"about":[{"href":"https:\/\/vicerrectorias.utp.edu.co\/responsabilidad-social\/wp-json\/wp\/v2\/types\/post"}],"replies":[{"embeddable":true,"href":"https:\/\/vicerrectorias.utp.edu.co\/responsabilidad-social\/wp-json\/wp\/v2\/comments?post=5921"}],"version-history":[{"count":3,"href":"https:\/\/vicerrectorias.utp.edu.co\/responsabilidad-social\/wp-json\/wp\/v2\/posts\/5921\/revisions"}],"predecessor-version":[{"id":61328,"href":"https:\/\/vicerrectorias.utp.edu.co\/responsabilidad-social\/wp-json\/wp\/v2\/posts\/5921\/revisions\/61328"}],"wp:featuredmedia":[{"embeddable":true,"href":"https:\/\/vicerrectorias.utp.edu.co\/responsabilidad-social\/wp-json\/wp\/v2\/media\/60434"}],"wp:attachment":[{"href":"https:\/\/vicerrectorias.utp.edu.co\/responsabilidad-social\/wp-json\/wp\/v2\/media?parent=5921"}],"wp:term":[{"taxonomy":"category","embeddable":true,"href":"https:\/\/vicerrectorias.utp.edu.co\/responsabilidad-social\/wp-json\/wp\/v2\/categories?post=5921"},{"taxonomy":"post_tag","embeddable":true,"href":"https:\/\/vicerrectorias.utp.edu.co\/responsabilidad-social\/wp-json\/wp\/v2\/tags?post=5921"}],"curies":[{"name":"wp","href":"https:\/\/api.w.org\/{rel}","templated":true}]}}