{"id":5901,"date":"2019-05-06T11:13:52","date_gmt":"2019-05-06T09:13:52","guid":{"rendered":""},"modified":"2026-02-04T23:01:54","modified_gmt":"2026-02-04T22:01:54","slug":"14-audiencia-publica-de-rendicion-de-cuentas-utp","status":"publish","type":"post","link":"https:\/\/vicerrectorias.utp.edu.co\/responsabilidad-social\/14-audiencia-publica-de-rendicion-de-cuentas-utp\/","title":{"rendered":"14\u00aa Audiencia P\u00fablica de Rendici\u00f3n de Cuentas UTP"},"content":{"rendered":"\n<p><span class=\"post-content__span\"> 14\u00aa Audiencia P\u00fablica de Rendici\u00f3n de Cuentas: UTP presenta excelentes resultados durante 2018<\/p>\n\n\n\n<p><span class=\"post-content__span\"> <img decoding=\"async\" src=\"https:\/\/comunicaciones.utp.edu.co\/wp-content\/uploads\/sites\/2\/Rendicion-de-cuentas-06-de-mayo.jpg\"><\/p>\n\n\n\n<p><span class=\"post-content__span\"> La Universidad Tecnol\u00f3gica de Pereira muestra al cierre de la vigencia 2018, resultados m\u00e1s que satisfactorios y as\u00ed lo anunci\u00f3 el rector, Luis Fernando Gaviria Trujillo, durante la rueda de prensa realizada como antesala de la 14\u00aa Audiencia P\u00fablica de Rendici\u00f3n de Cuentas a la Ciudadan\u00eda.<\/p>\n\n\n\n<p><span class=\"post-content__span\"> Uno de los hechos relevantes de la vigencia es la obtenci\u00f3n de la Certificaci\u00f3n Eur-Ace para siete&nbsp;programas acad\u00e9micos de pregrado y posgrado, lo que significa que estos, cumplen con las exigencias profesionales de la ingenier\u00eda de Europa, y a su vez, que los estudiantes cuentan con un t\u00edtulo internacional, el cual es reconocido tambi\u00e9n por los empresarios europeos.<\/p>\n\n\n\n<p><span class=\"post-content__span\"> La UTP cerr\u00f3 la vigencia con 90 programas acad\u00e9micos con registro calificado, 33 de pregrado (2 de ellos por ciclos proped\u00e9uticos); 15 de especializaci\u00f3n; 35 de maestr\u00eda y 7 de doctorado; con&nbsp;17.748 estudiantes matriculados: 15.839 en pregrado y 1.909 en posgrados.&nbsp;En octubre de 2018, la UTP entreg\u00f3 el t\u00edtulo n\u00famero 40.000; pero a lo largo del 2018, se otorgaron 2.776 t\u00edtulos profesionales, 2.112 de pregrado y 664 de posgrado.<\/p>\n\n\n\n<p><span class=\"post-content__span\"> <strong>Infraestructura y sostenibilidad<\/strong><\/p>\n\n\n\n<p><span class=\"post-content__span\"> Se continu\u00f3 con el plan de mejoramiento de la infraestructura f\u00edsica y tecnol\u00f3gica del campus hacia la sostenibilidad ambiental, y en este aspecto, en convenio con la Empresa de Energ\u00eda de Pereira, en la UTP se instal\u00f3 un punto de recarga para motocicletas y bicicletas el\u00e9ctricas y se acord\u00f3 la instalaci\u00f3n de un sistema fotovoltaico de 603 kilovatios de potencia, con lo cual se cubrir\u00e1 la demanda energ\u00e9tica de la UTP en 32%, tarea que se adelanta en este momento.<\/p>\n\n\n\n<p><span class=\"post-content__span\"> En infraestructura se trabaj\u00f3 en requerimientos de espacios acad\u00e9micos, de investigaci\u00f3n y \u00e1reas comunes&nbsp;entre ellos el edificio de la Facultad de Educaci\u00f3n, proyecto sin duda novedoso, porque se construy\u00f3 sobre lo construido; en materia deportiva se construyeron las canchas de tenis, las piscinas y el Centro de Desarrollo F\u00edsico, la Planta de Tratamiento de Aguas Residuales de Bellas Artes e iniciaron las obras del Edificio Alterno a Mec\u00e1nica, adem\u00e1s de adecuaciones y mejoras en el campus, entre otros.<\/p>\n\n\n\n<p><span class=\"post-content__span\"> Por el trabajo adelantado en responsabilidad y bienestar universitario, la UTP, recibi\u00f3 el Premio Andesco, convirti\u00e9ndose en la primera instituci\u00f3n de educaci\u00f3n superior en obtenerlo.<\/p>\n\n\n\n<p><span class=\"post-content__span\"> El Programa de Acompa\u00f1amiento Integral &#8211; PAI atendi\u00f3 4.916 estudiantes de pregrado de manera personalizada, lo que permiti\u00f3 mejoras en el egreso exitoso y se entregaron&nbsp;15.325 apoyos socioecon\u00f3micos por diferentes v\u00edas: directa de la UTP, convenios y alianzas con otras empresas.&nbsp; A trav\u00e9s del programa de Becas pa\u00b4 Pepas y Universidad para Cuba se beneficiaron 766 estudiantes con una inversi\u00f3n superior a los $1.700 millones.<\/p>\n\n\n\n<p><span class=\"post-content__span\"> Igualmente, dentro de los logros se pueden se\u00f1alar: la&nbsp;b\u00fasqueda permanente de consensos a trav\u00e9s de los di\u00e1logos con los estamentos; el posicionamiento y fortalecimiento de los grupos de investigaci\u00f3n, semilleros y pr\u00e1cticas universitarias (4.180 en 2018).<\/p>\n\n\n\n<p><span class=\"post-content__span\"> S\u00ed usted quiere conocer m\u00e1s detalles lo invitamos a que ingrese al Informe de Gesti\u00f3n 2018, en el siguiente enlace:<\/p>\n\n\n\n<p><span class=\"post-content__span\"> <a href=\"https:\/\/media2.utp.edu.co\/archivos\/Informe%20de%20Gesti%C3%B3n%20Audiencia%202018.pdf\">Informe de Gesti\u00f3n Audiencia 2018.pdf<\/a><\/p>\n\n\n\n<p><span class=\"post-content__span\"> <strong>DATOS DE INTER\u00c9S<\/strong><\/p>\n\n\n\n<ul class=\"wp-block-list\">\n<li>&nbsp;&nbsp;&nbsp;&nbsp;&nbsp;&nbsp;&nbsp;&nbsp;<strong>El 60% del campus tiene cobertura de red inal\u00e1mbrica wifi y cuenta con 5 \u201cZonas Wifi gratis para la Gente\u201d de MinTIC.<\/strong><\/li>\n<\/ul>\n\n\n\n<ul class=\"wp-block-list\">\n<li>&nbsp;&nbsp;&nbsp;&nbsp;&nbsp;&nbsp;&nbsp;<strong>Se cuenta con 9 edificios automatizados.<\/strong><\/li>\n<\/ul>\n\n\n\n<ul class=\"wp-block-list\">\n<li>&nbsp;&nbsp;&nbsp;&nbsp;&nbsp;<strong>El Centro de Soporte para la Academia Cisco de la UTP, recibi\u00f3 el reconocimiento ASC Premier Partner 2018-2019, otorgado a solo 8 academias de Am\u00e9rica Latina, de las 118 que existen actualmente.<\/strong><\/li>\n<\/ul>\n\n\n\n<ul class=\"wp-block-list\">\n<li>&nbsp;&nbsp;&nbsp;&nbsp;&nbsp;&nbsp;&nbsp;&nbsp;<strong>86 grupos de investigaci\u00f3n reconocidos por Colciencias ubican a la UTP como la primera del eje cafetero.<\/strong><\/li>\n<\/ul>\n\n\n\n<ul class=\"wp-block-list\">\n<li>&nbsp;&nbsp;&nbsp;&nbsp;&nbsp;&nbsp;<strong>85 estudiantes de la UTP realizaron movilidad internacional, ya sea de intercambio o doble titulaci\u00f3n.<\/strong><\/li>\n<\/ul>\n\n\n\n<ul class=\"wp-block-list\">\n<li>&nbsp;&nbsp;&nbsp;&nbsp;&nbsp;&nbsp;&nbsp;&nbsp;<strong>88 estudiantes procedentes de M\u00e9xico, Estados Unidos, Francia, Brasil entre otros pa\u00edses llegaron a la UTP en a\u00f1o pasado.<\/strong><\/li>\n<\/ul>\n\n\n\n<ul class=\"wp-block-list\">\n<li>&nbsp;&nbsp;&nbsp;&nbsp;&nbsp;&nbsp;&nbsp;&nbsp;&nbsp;<strong>Hoy la UTP cuenta con un Plan de Ordenamiento y Equipamento del Campus para el direccionamiento del crecimiento en materia de planta f\u00edsica del Campus<\/strong><\/li>\n<\/ul>\n\n\n\n<ul class=\"wp-block-list\">\n<li>&nbsp;&nbsp;&nbsp;&nbsp;<strong>La UTP cuenta hoy con 24 Alianzas Estrat\u00e9gicas<\/strong><\/li>\n<\/ul>\n\n\n\n<ul class=\"wp-block-list\">\n<li>&nbsp;&nbsp;&nbsp;&nbsp;&nbsp;&nbsp;<strong>1.100 personas participaron en el Diplomado Liderazgo para la Paz.<\/strong><\/li>\n<\/ul>\n","protected":false},"excerpt":{"rendered":"<p>14\u00aa Audiencia P\u00fablica de Rendici\u00f3n de Cuentas: UTP presenta excelentes resultados durante 2018 La Universidad Tecnol\u00f3gica de Pereira muestra al [&hellip;]<\/p>\n","protected":false},"author":0,"featured_media":60432,"comment_status":"closed","ping_status":"closed","sticky":false,"template":"","format":"standard","meta":{"footnotes":""},"categories":[3],"tags":[],"class_list":["post-5901","post","type-post","status-publish","format-standard","has-post-thumbnail","hentry","category-noticias"],"_links":{"self":[{"href":"https:\/\/vicerrectorias.utp.edu.co\/responsabilidad-social\/wp-json\/wp\/v2\/posts\/5901","targetHints":{"allow":["GET"]}}],"collection":[{"href":"https:\/\/vicerrectorias.utp.edu.co\/responsabilidad-social\/wp-json\/wp\/v2\/posts"}],"about":[{"href":"https:\/\/vicerrectorias.utp.edu.co\/responsabilidad-social\/wp-json\/wp\/v2\/types\/post"}],"replies":[{"embeddable":true,"href":"https:\/\/vicerrectorias.utp.edu.co\/responsabilidad-social\/wp-json\/wp\/v2\/comments?post=5901"}],"version-history":[{"count":3,"href":"https:\/\/vicerrectorias.utp.edu.co\/responsabilidad-social\/wp-json\/wp\/v2\/posts\/5901\/revisions"}],"predecessor-version":[{"id":64392,"href":"https:\/\/vicerrectorias.utp.edu.co\/responsabilidad-social\/wp-json\/wp\/v2\/posts\/5901\/revisions\/64392"}],"wp:featuredmedia":[{"embeddable":true,"href":"https:\/\/vicerrectorias.utp.edu.co\/responsabilidad-social\/wp-json\/wp\/v2\/media\/60432"}],"wp:attachment":[{"href":"https:\/\/vicerrectorias.utp.edu.co\/responsabilidad-social\/wp-json\/wp\/v2\/media?parent=5901"}],"wp:term":[{"taxonomy":"category","embeddable":true,"href":"https:\/\/vicerrectorias.utp.edu.co\/responsabilidad-social\/wp-json\/wp\/v2\/categories?post=5901"},{"taxonomy":"post_tag","embeddable":true,"href":"https:\/\/vicerrectorias.utp.edu.co\/responsabilidad-social\/wp-json\/wp\/v2\/tags?post=5901"}],"curies":[{"name":"wp","href":"https:\/\/api.w.org\/{rel}","templated":true}]}}