{"id":5891,"date":"2019-05-03T08:47:48","date_gmt":"2019-05-03T06:47:48","guid":{"rendered":""},"modified":"2026-02-04T23:02:45","modified_gmt":"2026-02-04T22:02:45","slug":"14-audiencia-publica-de-rendicion-de-cuentas","status":"publish","type":"post","link":"https:\/\/vicerrectorias.utp.edu.co\/responsabilidad-social\/14-audiencia-publica-de-rendicion-de-cuentas\/","title":{"rendered":"14\u00aa Audiencia P\u00fablica de Rendici\u00f3n de Cuentas"},"content":{"rendered":"\n<p><span class=\"post-content__span\"> La UTP realiza este 3 de mayo, la 14\u00aa Audiencia P\u00fablica de Rendici\u00f3n de Cuentas a la Ciudadan\u00eda<\/p>\n\n\n\n<p><span class=\"post-content__span\"> <img decoding=\"async\" src=\"https:\/\/comunicaciones.utp.edu.co\/wp-content\/uploads\/sites\/2\/Para-campus-png.jpg\"><\/p>\n\n\n\n<p><span class=\"post-content__span\"> Este 3 de mayo, la Universidad Tecnol\u00f3gica de Pereira, realizar\u00e1 la&nbsp;<strong>14\u00aa<\/strong>&nbsp;<strong>Audiencia P\u00fablica de Rendici\u00f3n de Cuentas a la Ciudadan\u00eda<\/strong>, en donde el se\u00f1or rector, Luis Fernando Gaviria Trujillo y su equipo de trabajo, presentar\u00e1n los resultados de la vigencia anterior en materia de fortalecimiento de la infraestructura f\u00edsica y tecnol\u00f3gica, calidad y excelencia acad\u00e9mica, bienestar institucional y relacionamiento con el contexto.<\/p>\n\n\n\n<p><span class=\"post-content__span\"> Este es un espacio de participaci\u00f3n ciudadana en donde podr\u00e1s conocer los resultados de la gesti\u00f3n y en donde la comunidad tendr\u00e1 la oportunidad de preguntar y monitorear el cumplimiento de sus metas y el uso de los recursos.<\/p>\n\n\n\n<p><span class=\"post-content__span\"> Si no puedes asistir a la cita\u00a0<strong>este 3 de mayo a partir de las 2 de la tarde en el Auditorio Jorge Roa Mart\u00ednez,<\/strong>\u00a0recuerda que puedes seguir la transmisi\u00f3n en vivo v\u00eda Streaming de\u00a0<a href=\"https:\/\/online.utp.edu.co\/\" target=\"_blank\" rel=\"noreferrer noopener\"><strong>Online<\/strong>\u00a0UTP<\/a>\u00a0o trav\u00e9s de nuestras redes sociales @utpereira Igualmente te invitamos a conocer el\u00a0<a href=\"https:\/\/media2.utp.edu.co\/archivos\/Informe%20de%20Gesti%C3%B3n%20Audiencia%202018.pdf\" target=\"_blank\" rel=\"noreferrer noopener\">Informe de Gesti\u00f3n 2018 ingresando a este enlace.<\/a><\/p>\n\n\n\n<p><span class=\"post-content__span\"> <strong>\u00a1Los esperamos!<\/strong><\/p>\n","protected":false},"excerpt":{"rendered":"<p>La UTP realiza este 3 de mayo, la 14\u00aa Audiencia P\u00fablica de Rendici\u00f3n de Cuentas a la Ciudadan\u00eda Este 3 [&hellip;]<\/p>\n","protected":false},"author":0,"featured_media":60431,"comment_status":"closed","ping_status":"closed","sticky":false,"template":"","format":"standard","meta":{"footnotes":""},"categories":[3],"tags":[],"class_list":["post-5891","post","type-post","status-publish","format-standard","has-post-thumbnail","hentry","category-noticias"],"_links":{"self":[{"href":"https:\/\/vicerrectorias.utp.edu.co\/responsabilidad-social\/wp-json\/wp\/v2\/posts\/5891","targetHints":{"allow":["GET"]}}],"collection":[{"href":"https:\/\/vicerrectorias.utp.edu.co\/responsabilidad-social\/wp-json\/wp\/v2\/posts"}],"about":[{"href":"https:\/\/vicerrectorias.utp.edu.co\/responsabilidad-social\/wp-json\/wp\/v2\/types\/post"}],"replies":[{"embeddable":true,"href":"https:\/\/vicerrectorias.utp.edu.co\/responsabilidad-social\/wp-json\/wp\/v2\/comments?post=5891"}],"version-history":[{"count":3,"href":"https:\/\/vicerrectorias.utp.edu.co\/responsabilidad-social\/wp-json\/wp\/v2\/posts\/5891\/revisions"}],"predecessor-version":[{"id":64393,"href":"https:\/\/vicerrectorias.utp.edu.co\/responsabilidad-social\/wp-json\/wp\/v2\/posts\/5891\/revisions\/64393"}],"wp:featuredmedia":[{"embeddable":true,"href":"https:\/\/vicerrectorias.utp.edu.co\/responsabilidad-social\/wp-json\/wp\/v2\/media\/60431"}],"wp:attachment":[{"href":"https:\/\/vicerrectorias.utp.edu.co\/responsabilidad-social\/wp-json\/wp\/v2\/media?parent=5891"}],"wp:term":[{"taxonomy":"category","embeddable":true,"href":"https:\/\/vicerrectorias.utp.edu.co\/responsabilidad-social\/wp-json\/wp\/v2\/categories?post=5891"},{"taxonomy":"post_tag","embeddable":true,"href":"https:\/\/vicerrectorias.utp.edu.co\/responsabilidad-social\/wp-json\/wp\/v2\/tags?post=5891"}],"curies":[{"name":"wp","href":"https:\/\/api.w.org\/{rel}","templated":true}]}}