{"id":5881,"date":"2019-04-29T19:25:04","date_gmt":"2019-04-29T17:25:04","guid":{"rendered":""},"modified":"2024-08-16T14:08:47","modified_gmt":"2024-08-16T12:08:47","slug":"entrega-apoyos-socioeconomicos-2019-1","status":"publish","type":"post","link":"https:\/\/vicerrectorias.utp.edu.co\/responsabilidad-social\/entrega-apoyos-socioeconomicos-2019-1\/","title":{"rendered":"Entrega apoyos socioecon\u00f3micos 2019-1"},"content":{"rendered":"\n<p><span class=\"post-content__span\"> Apoyos sociecon\u00f3micos: Bono de Alimentaci\u00f3n, Bono de Transporte y Monitor\u00eda Social<\/p>\n\n\n\n<p><span class=\"post-content__span\"> <img decoding=\"async\" src=\"https:\/\/comunicaciones.utp.edu.co\/wp-content\/uploads\/sites\/2\/logo-vicerrectoria-de-responsabilidad-social-294X176.jpg\"><\/p>\n\n\n\n<p><span class=\"post-content__span\"> La Vicerrector\u00eda de Responsabilidad Social y Bienestar Universitario, informa a los estudiantes que realizaron solicitudes de apoyos socioecon\u00f3micos tales\u00a0como: Bono de Alimentaci\u00f3n, Bono de Transporte y Monitor\u00eda Social, lo siguiente:<\/p>\n\n\n\n<p><span class=\"post-content__span\"> 1. Los resultados ser\u00e1n publicados de forma parcial, conforme los estudios se van realizando.<\/p>\n\n\n\n<p><span class=\"post-content__span\"> 2. Los estudiantes que sean publicados en el primer listado para Bono de Alimentaci\u00f3n, as\u00ed como los estudiantes del programa Becas Pa\u00b4 Pepas, podr\u00e1n hacer uso del apoyo a partir del 2 de mayo del presente.<\/p>\n\n\n\n<p><span class=\"post-content__span\"> 3. Los estudiantes que sean publicados en el primer listado para Bono de Transporte, as\u00ed como los estudiantes del programa Becas Pa\u00b4 Pepas, podr\u00e1n reclamar los tiquetes el d\u00eda 6 de mayo de 2019&nbsp;en los siguientes horarios: 2:00&nbsp;y 4:00 de la tarde, en la Sala Magistral 1 &#8211; Edificio 13. ES DE SUMA IMPORTANCIA ESTAR PUNTUAL EN LOS HORARIOS ESTABLECIDOS PARA&nbsp;RECIBIR LA INDUCCI\u00d3N.<\/p>\n\n\n\n<p><span class=\"post-content__span\"> 4. Los estudiantes apoyados con la Monitor\u00eda Social deben traer los documentos solicitados para la legalizaci\u00f3n del apoyo.<\/p>\n\n\n\n<p><span class=\"post-content__span\"> 5. Los estudiantes apoyados ser\u00e1n publicados en el blog del Observatorio Social:&nbsp;blog observatorio social UTP &#8211;&nbsp;<a href=\"https:\/\/blog.utp.edu.co\/observatoriosocial\/servicio-social-universitario\" target=\"_blank\" rel=\"noreferrer noopener\">https:\/\/blog.utp.edu.co\/observatoriosocial\/<\/a>&nbsp;y en la cartelera de la Vicerrector\u00eda, edificio 2.<\/p>\n\n\n\n<p><span class=\"post-content__span\"> Estamos atentos a resolver cualquier duda en la Oficina 206 del edificio No. 2<\/p>\n","protected":false},"excerpt":{"rendered":"<p>Apoyos sociecon\u00f3micos: Bono de Alimentaci\u00f3n, Bono de Transporte y Monitor\u00eda Social La Vicerrector\u00eda de Responsabilidad Social y Bienestar Universitario, informa [&hellip;]<\/p>\n","protected":false},"author":0,"featured_media":60430,"comment_status":"closed","ping_status":"closed","sticky":false,"template":"","format":"standard","meta":{"footnotes":""},"categories":[3],"tags":[],"class_list":["post-5881","post","type-post","status-publish","format-standard","has-post-thumbnail","hentry","category-noticias"],"_links":{"self":[{"href":"https:\/\/vicerrectorias.utp.edu.co\/responsabilidad-social\/wp-json\/wp\/v2\/posts\/5881","targetHints":{"allow":["GET"]}}],"collection":[{"href":"https:\/\/vicerrectorias.utp.edu.co\/responsabilidad-social\/wp-json\/wp\/v2\/posts"}],"about":[{"href":"https:\/\/vicerrectorias.utp.edu.co\/responsabilidad-social\/wp-json\/wp\/v2\/types\/post"}],"replies":[{"embeddable":true,"href":"https:\/\/vicerrectorias.utp.edu.co\/responsabilidad-social\/wp-json\/wp\/v2\/comments?post=5881"}],"version-history":[{"count":3,"href":"https:\/\/vicerrectorias.utp.edu.co\/responsabilidad-social\/wp-json\/wp\/v2\/posts\/5881\/revisions"}],"predecessor-version":[{"id":60977,"href":"https:\/\/vicerrectorias.utp.edu.co\/responsabilidad-social\/wp-json\/wp\/v2\/posts\/5881\/revisions\/60977"}],"wp:featuredmedia":[{"embeddable":true,"href":"https:\/\/vicerrectorias.utp.edu.co\/responsabilidad-social\/wp-json\/wp\/v2\/media\/60430"}],"wp:attachment":[{"href":"https:\/\/vicerrectorias.utp.edu.co\/responsabilidad-social\/wp-json\/wp\/v2\/media?parent=5881"}],"wp:term":[{"taxonomy":"category","embeddable":true,"href":"https:\/\/vicerrectorias.utp.edu.co\/responsabilidad-social\/wp-json\/wp\/v2\/categories?post=5881"},{"taxonomy":"post_tag","embeddable":true,"href":"https:\/\/vicerrectorias.utp.edu.co\/responsabilidad-social\/wp-json\/wp\/v2\/tags?post=5881"}],"curies":[{"name":"wp","href":"https:\/\/api.w.org\/{rel}","templated":true}]}}