{"id":5871,"date":"2019-04-22T13:27:30","date_gmt":"2019-04-22T11:27:30","guid":{"rendered":""},"modified":"2024-08-20T08:59:44","modified_gmt":"2024-08-20T06:59:44","slug":"informe-de-gestion-2018-facultad-de-bellas-artes","status":"publish","type":"post","link":"https:\/\/vicerrectorias.utp.edu.co\/responsabilidad-social\/informe-de-gestion-2018-facultad-de-bellas-artes\/","title":{"rendered":"Informe de Gesti\u00f3n 2018 Facultad de Bellas Artes"},"content":{"rendered":"\n<p><span class=\"post-content__span\"> Informe de Gesti\u00f3n 2018 Facultad de Bellas Artes y Humanidades<\/p>\n\n\n\n<p><span class=\"post-content__span\"> <img decoding=\"async\" src=\"https:\/\/comunicaciones.utp.edu.co\/wp-content\/uploads\/sites\/2\/bellas-artes-gestion-campus.jpg\">El rector de la Universidad Tecnol\u00f3gica de Pereira, directivas acad\u00e9micas y la alta direcci\u00f3n, invitan a toda la comunidad universitaria a participar a la presentaci\u00f3n de la gesti\u00f3n de la vigencia con la&nbsp;<strong>Facultad de Bellas Artes y Humanidades este 23 de abril a partir de las 10:00 de la ma\u00f1ana en el Teatro Bellas Artes de Risaralda<\/strong>. Es por eso que, si eres docente, estudiante o administrativo esperamos contar con tu presencia.<\/p>\n\n\n\n<p><span class=\"post-content__span\"> Porque tu aporte es vital para el desarrollo de la UTP.&nbsp; &nbsp; &nbsp; &nbsp; &nbsp;<\/p>\n\n\n\n<figure class=\"wp-block-image\"><img decoding=\"async\" src=\"https:\/\/comunicaciones.utp.edu.co\/wp-content\/uploads\/sites\/2\/Facultad-Bellas-Artes-grande.jpg\" alt=\"\"\/><\/figure>\n","protected":false},"excerpt":{"rendered":"<p>Informe de Gesti\u00f3n 2018 Facultad de Bellas Artes y Humanidades El rector de la Universidad Tecnol\u00f3gica de Pereira, directivas acad\u00e9micas [&hellip;]<\/p>\n","protected":false},"author":0,"featured_media":60429,"comment_status":"closed","ping_status":"closed","sticky":false,"template":"","format":"standard","meta":{"footnotes":""},"categories":[3],"tags":[],"class_list":["post-5871","post","type-post","status-publish","format-standard","has-post-thumbnail","hentry","category-noticias"],"_links":{"self":[{"href":"https:\/\/vicerrectorias.utp.edu.co\/responsabilidad-social\/wp-json\/wp\/v2\/posts\/5871","targetHints":{"allow":["GET"]}}],"collection":[{"href":"https:\/\/vicerrectorias.utp.edu.co\/responsabilidad-social\/wp-json\/wp\/v2\/posts"}],"about":[{"href":"https:\/\/vicerrectorias.utp.edu.co\/responsabilidad-social\/wp-json\/wp\/v2\/types\/post"}],"replies":[{"embeddable":true,"href":"https:\/\/vicerrectorias.utp.edu.co\/responsabilidad-social\/wp-json\/wp\/v2\/comments?post=5871"}],"version-history":[{"count":2,"href":"https:\/\/vicerrectorias.utp.edu.co\/responsabilidad-social\/wp-json\/wp\/v2\/posts\/5871\/revisions"}],"predecessor-version":[{"id":61119,"href":"https:\/\/vicerrectorias.utp.edu.co\/responsabilidad-social\/wp-json\/wp\/v2\/posts\/5871\/revisions\/61119"}],"wp:featuredmedia":[{"embeddable":true,"href":"https:\/\/vicerrectorias.utp.edu.co\/responsabilidad-social\/wp-json\/wp\/v2\/media\/60429"}],"wp:attachment":[{"href":"https:\/\/vicerrectorias.utp.edu.co\/responsabilidad-social\/wp-json\/wp\/v2\/media?parent=5871"}],"wp:term":[{"taxonomy":"category","embeddable":true,"href":"https:\/\/vicerrectorias.utp.edu.co\/responsabilidad-social\/wp-json\/wp\/v2\/categories?post=5871"},{"taxonomy":"post_tag","embeddable":true,"href":"https:\/\/vicerrectorias.utp.edu.co\/responsabilidad-social\/wp-json\/wp\/v2\/tags?post=5871"}],"curies":[{"name":"wp","href":"https:\/\/api.w.org\/{rel}","templated":true}]}}