{"id":5851,"date":"2019-04-08T08:57:29","date_gmt":"2019-04-08T06:57:29","guid":{"rendered":""},"modified":"2024-08-20T09:10:48","modified_gmt":"2024-08-20T07:10:48","slug":"inicio-la-instalacion-de-paneles-solares-en-la-utp","status":"publish","type":"post","link":"https:\/\/vicerrectorias.utp.edu.co\/responsabilidad-social\/inicio-la-instalacion-de-paneles-solares-en-la-utp\/","title":{"rendered":"Inici\u00f3 la instalaci\u00f3n de paneles solares en la UTP"},"content":{"rendered":"\n<p><span class=\"post-content__span\"> Inici\u00f3 la instalaci\u00f3n de paneles solares en la UTP<\/p>\n\n\n\n<p><span class=\"post-content__span\"> Un total de 2069 paneles solares se instalar\u00e1n en la Universidad Tecnol\u00f3gica de Pereira (UTP). Este proceso est\u00e1 a cargo de la Empresa de Energ\u00eda de Pereira. Lograr\u00e1 cubrir el 32 % de la demanda total de energ\u00eda de la m\u00e1s grande instituci\u00f3n de educaci\u00f3n superior de Risaralda.<\/p>\n\n\n\n<p><span class=\"post-content__span\"> Un total de 2069 paneles solares se instalar\u00e1n en la Universidad Tecnol\u00f3gica de Pereira (UTP). Este proceso est\u00e1 a cargo de la Empresa de Energ\u00eda de Pereira. Lograr\u00e1 cubrir el 32 % de la demanda total de energ\u00eda de la m\u00e1s grande instituci\u00f3n de educaci\u00f3n superior de Risaralda.<\/p>\n\n\n\n<p><span class=\"post-content__span\"> Este ser\u00e1 el sistema solar fotovoltaico m\u00e1s grande del Eje Cafetero. Este proceso inici\u00f3 con la colocaci\u00f3n de 1.207 paneles en el techo del edificio Interdisciplinario, equivalentes a 350 kilovatio pico (kWp). Luego se proceder\u00e1 con la instalaci\u00f3n de 517 paneles en el edificio CIDT y 345 en Medicina, para un total de 600 kWp.<\/p>\n\n\n\n<p><span class=\"post-content__span\"> El proyecto trae un enorme beneficio para el medio ambiente, ya que se dejar\u00e1 de emitir a la atm\u00f3sfera m\u00e1s de 28 toneladas mensuales de CO2, equivalentes a 342 toneladas al a\u00f1o, lo que adicionalmente significa dejar de quemar 38 mil galones de gasolina, 33 mil galones de Diesel y 34 mil de Jet Fuel.<\/p>\n\n\n\n<figure class=\"wp-block-image\"><img decoding=\"async\" src=\"https:\/\/www.eldiario.com.co\/wp-content\/uploads\/2019\/04\/energia.jpg?x58028\" alt=\"\"\/><\/figure>\n\n\n\n<p><span class=\"post-content__span\"> Abel Mauricio Gallego, gestor del proceso de Eficiencia Energ\u00e9tica de Energ\u00eda de Pereira, asegur\u00f3 que \u201cpara capturar estas toneladas de CO2, se necesitar\u00eda el aporte de 1810 robles durante 10 a\u00f1os para compensar estas emisiones\u201d.<\/p>\n","protected":false},"excerpt":{"rendered":"<p>Inici\u00f3 la instalaci\u00f3n de paneles solares en la UTP Un total de 2069 paneles solares se instalar\u00e1n en la Universidad [&hellip;]<\/p>\n","protected":false},"author":0,"featured_media":60427,"comment_status":"closed","ping_status":"closed","sticky":false,"template":"","format":"standard","meta":{"footnotes":""},"categories":[3],"tags":[],"class_list":["post-5851","post","type-post","status-publish","format-standard","has-post-thumbnail","hentry","category-noticias"],"_links":{"self":[{"href":"https:\/\/vicerrectorias.utp.edu.co\/responsabilidad-social\/wp-json\/wp\/v2\/posts\/5851","targetHints":{"allow":["GET"]}}],"collection":[{"href":"https:\/\/vicerrectorias.utp.edu.co\/responsabilidad-social\/wp-json\/wp\/v2\/posts"}],"about":[{"href":"https:\/\/vicerrectorias.utp.edu.co\/responsabilidad-social\/wp-json\/wp\/v2\/types\/post"}],"replies":[{"embeddable":true,"href":"https:\/\/vicerrectorias.utp.edu.co\/responsabilidad-social\/wp-json\/wp\/v2\/comments?post=5851"}],"version-history":[{"count":2,"href":"https:\/\/vicerrectorias.utp.edu.co\/responsabilidad-social\/wp-json\/wp\/v2\/posts\/5851\/revisions"}],"predecessor-version":[{"id":61125,"href":"https:\/\/vicerrectorias.utp.edu.co\/responsabilidad-social\/wp-json\/wp\/v2\/posts\/5851\/revisions\/61125"}],"wp:featuredmedia":[{"embeddable":true,"href":"https:\/\/vicerrectorias.utp.edu.co\/responsabilidad-social\/wp-json\/wp\/v2\/media\/60427"}],"wp:attachment":[{"href":"https:\/\/vicerrectorias.utp.edu.co\/responsabilidad-social\/wp-json\/wp\/v2\/media?parent=5851"}],"wp:term":[{"taxonomy":"category","embeddable":true,"href":"https:\/\/vicerrectorias.utp.edu.co\/responsabilidad-social\/wp-json\/wp\/v2\/categories?post=5851"},{"taxonomy":"post_tag","embeddable":true,"href":"https:\/\/vicerrectorias.utp.edu.co\/responsabilidad-social\/wp-json\/wp\/v2\/tags?post=5851"}],"curies":[{"name":"wp","href":"https:\/\/api.w.org\/{rel}","templated":true}]}}