{"id":5841,"date":"2019-04-04T12:00:16","date_gmt":"2019-04-04T10:00:16","guid":{"rendered":""},"modified":"2024-08-16T11:14:42","modified_gmt":"2024-08-16T09:14:42","slug":"dia-mundial-de-la-actividad-fisica-en-la-utp","status":"publish","type":"post","link":"https:\/\/vicerrectorias.utp.edu.co\/responsabilidad-social\/dia-mundial-de-la-actividad-fisica-en-la-utp\/","title":{"rendered":"D\u00eda Mundial de la Actividad F\u00edsica en la UTP"},"content":{"rendered":"\n<p><span class=\"post-content__span\"> Este viernes 5 de abril se celebrar\u00e1 en la UTP el D\u00eda Mundial de la Actividad F\u00edsica, liderado por el equipo de profesionales del Club de la Salud, celebraci\u00f3n institucionalizada por la Organizaci\u00f3n Mundial de la Salud (OMS), que plantea como objetivo la necesidad de difundir los beneficios de la pr\u00e1ctica regular de actividad f\u00edsica bajo la recomendaci\u00f3n de acumular m\u00ednimo 150 minutos de actividad f\u00edsica a la semana.<\/p>\n\n\n\n<p><span class=\"post-content__span\"> El evento tiene como objetivos generar una acci\u00f3n que movilice a la comunidad universitaria en torno a temas relacionados con actividad f\u00edsica, h\u00e1bitos y estilos de vida saludable y alimentaci\u00f3n saludable y promover la vinculaci\u00f3n de la comunidad universitaria en los diferentes procesos que desde la Vicerrector\u00eda de Responsabilidad Social y Bienestar Universitario se desarrollan en l\u00edneas relacionadas con la actividad f\u00edsica, ejercicio f\u00edsico y deporte.<\/p>\n\n\n\n<p><span class=\"post-content__span\"> El evento se desarrollar\u00e1 en el Parqueadero Central de la Universidad, iniciando a las 7:00 de la ma\u00f1ana y finalizando a las 5:00 de la tarde.&nbsp; Se realizar\u00e1n diferentes sesiones de alternativas de ejercicio f\u00edsico: yoga, entrenamiento funcional, spinning, rumba-aer\u00f3bicos y drill. Se brindar\u00e1 informaci\u00f3n sobre los grupos de actividad f\u00edsica del Club de la Salud, se presentar\u00e1 a la comunidad la conferencia \u201cVida activa, larga vida\u201d y la presentaci\u00f3n de la Orquesta Universitaria, entre otras actividades.&nbsp;<\/p>\n\n\n\n<p><span class=\"post-content__span\"> <a href=\"https:\/\/www.utp.edu.co\/cms-utp\/data\/bin\/UTP\/web\/uploads\/media\/comunicaciones\/documentos\/Cronograma-Di-a-Mundial-de-la-AF.pdf\">Ver programaci\u00f3n.<\/a><\/p>\n\n\n\n<figure class=\"wp-block-image\"><img decoding=\"async\" src=\"https:\/\/comunicaciones.utp.edu.co\/wp-content\/uploads\/sites\/2\/Celebracio-n-di-a-mundial-de-la-actividad-fi-sca.png\" alt=\"\"\/><\/figure>\n","protected":false},"excerpt":{"rendered":"<p>Este viernes 5 de abril se celebrar\u00e1 en la UTP el D\u00eda Mundial de la Actividad F\u00edsica, liderado por el [&hellip;]<\/p>\n","protected":false},"author":0,"featured_media":60426,"comment_status":"closed","ping_status":"closed","sticky":false,"template":"","format":"standard","meta":{"footnotes":""},"categories":[3],"tags":[],"class_list":["post-5841","post","type-post","status-publish","format-standard","has-post-thumbnail","hentry","category-noticias"],"_links":{"self":[{"href":"https:\/\/vicerrectorias.utp.edu.co\/responsabilidad-social\/wp-json\/wp\/v2\/posts\/5841","targetHints":{"allow":["GET"]}}],"collection":[{"href":"https:\/\/vicerrectorias.utp.edu.co\/responsabilidad-social\/wp-json\/wp\/v2\/posts"}],"about":[{"href":"https:\/\/vicerrectorias.utp.edu.co\/responsabilidad-social\/wp-json\/wp\/v2\/types\/post"}],"replies":[{"embeddable":true,"href":"https:\/\/vicerrectorias.utp.edu.co\/responsabilidad-social\/wp-json\/wp\/v2\/comments?post=5841"}],"version-history":[{"count":2,"href":"https:\/\/vicerrectorias.utp.edu.co\/responsabilidad-social\/wp-json\/wp\/v2\/posts\/5841\/revisions"}],"predecessor-version":[{"id":60931,"href":"https:\/\/vicerrectorias.utp.edu.co\/responsabilidad-social\/wp-json\/wp\/v2\/posts\/5841\/revisions\/60931"}],"wp:featuredmedia":[{"embeddable":true,"href":"https:\/\/vicerrectorias.utp.edu.co\/responsabilidad-social\/wp-json\/wp\/v2\/media\/60426"}],"wp:attachment":[{"href":"https:\/\/vicerrectorias.utp.edu.co\/responsabilidad-social\/wp-json\/wp\/v2\/media?parent=5841"}],"wp:term":[{"taxonomy":"category","embeddable":true,"href":"https:\/\/vicerrectorias.utp.edu.co\/responsabilidad-social\/wp-json\/wp\/v2\/categories?post=5841"},{"taxonomy":"post_tag","embeddable":true,"href":"https:\/\/vicerrectorias.utp.edu.co\/responsabilidad-social\/wp-json\/wp\/v2\/tags?post=5841"}],"curies":[{"name":"wp","href":"https:\/\/api.w.org\/{rel}","templated":true}]}}