{"id":5821,"date":"2019-03-26T11:44:16","date_gmt":"2019-03-26T10:44:16","guid":{"rendered":""},"modified":"2024-08-20T10:40:00","modified_gmt":"2024-08-20T08:40:00","slug":"nuevas-jornadas-de-pre-registro-jovenes-en-accion","status":"publish","type":"post","link":"https:\/\/vicerrectorias.utp.edu.co\/responsabilidad-social\/nuevas-jornadas-de-pre-registro-jovenes-en-accion\/","title":{"rendered":"Nuevas Jornadas de pre-registro J\u00f3venes en Acci\u00f3n"},"content":{"rendered":"\n<p><span class=\"post-content__span\"> Nuevas Jornadas de pre-registro al Programa J\u00f3venes en Acci\u00f3n<\/p>\n\n\n\n<p><span class=\"post-content__span\"> <img decoding=\"async\" src=\"https:\/\/comunicaciones.utp.edu.co\/wp-content\/uploads\/sites\/2\/Logo-Jovenes-en-Accion-294-x-176.jpg\">La oficina J\u00f3venes en Acci\u00f3n informa que a partir del 1 hasta 5 de abril de 2019, se estar\u00e1n realizando jornadas masivas de Pre-registro a los estudiantes que cumplan requisitos en el edificio 3, Sala 3-210(CRIE).<\/p>\n\n\n\n<p><span class=\"post-content__span\"> Los j\u00f3venes deben presentar su documento de identidad original y en formato digital diploma de bachiller y copia al 150% de su documento de identidad.&nbsp;<\/p>\n\n\n\n<p><span class=\"post-content__span\"> \u00a1Los esperamos para que inicien el camino hacia un cupo en&nbsp;<a href=\"https:\/\/www.facebook.com\/hashtag\/j%C3%B3venesenacci%C3%B3n?source=feed_text&amp;epa=HASHTAG&amp;__xts__%5B0%5D=68.ARDJjvyBqWz0RwqotPOkbpT-YeXFfJe-QXc6aj-btEx6QmbrK1_Dr-OXo_cGYgz0i9Cu4TdH6R8gDp1UzLwFHD6wmAc6IxM6kMeAnemI3LnIt3lQVEpOzUpITICZ4KQByVLa6eF8t2a3nZbM1q1bmWeYad5ysVLjaPA2G21d_xMYa1TFUa2goz56URn-eqk3JrTy_gztoMGHv3jWMaWepdeD_Zye1KPqhPjo5Lca-nxf0-X0kWluSPDjT8Z21mVTV7-20FNhchePAOK7Qv6qtzLmexp-r7FP1ljIET5rz9XE8xFE0emNWmpCVnJ02oicNQxkREl95rsZD2yl_EPSQhTpJQ&amp;__tn__=%2ANK-R\" target=\"_blank\" rel=\"noreferrer noopener\">#J\u00f3venesEnAcci\u00f3n<\/a>!<\/p>\n\n\n\n<p><span class=\"post-content__span\"> Cualquier inquietud pueden comunicarse a los tel\u00e9fonos 331 5481 &#8211; 331 5375 o acercarse a la oficina de J\u00f3venes en Acci\u00f3n UTP, ubicada en el edificio 17 &#8211; La Julita, Piso 2.&nbsp;<\/p>\n\n\n\n<figure class=\"wp-block-image\"><img decoding=\"async\" src=\"https:\/\/comunicaciones.utp.edu.co\/wp-content\/uploads\/sites\/2\/Pieza-Publicitaria-Convocatoria-UTP-JPG.jpg\" alt=\"\"\/><\/figure>\n","protected":false},"excerpt":{"rendered":"<p>Nuevas Jornadas de pre-registro al Programa J\u00f3venes en Acci\u00f3n La oficina J\u00f3venes en Acci\u00f3n informa que a partir del 1 [&hellip;]<\/p>\n","protected":false},"author":0,"featured_media":60424,"comment_status":"closed","ping_status":"closed","sticky":false,"template":"","format":"standard","meta":{"footnotes":""},"categories":[3],"tags":[],"class_list":["post-5821","post","type-post","status-publish","format-standard","has-post-thumbnail","hentry","category-noticias"],"_links":{"self":[{"href":"https:\/\/vicerrectorias.utp.edu.co\/responsabilidad-social\/wp-json\/wp\/v2\/posts\/5821","targetHints":{"allow":["GET"]}}],"collection":[{"href":"https:\/\/vicerrectorias.utp.edu.co\/responsabilidad-social\/wp-json\/wp\/v2\/posts"}],"about":[{"href":"https:\/\/vicerrectorias.utp.edu.co\/responsabilidad-social\/wp-json\/wp\/v2\/types\/post"}],"replies":[{"embeddable":true,"href":"https:\/\/vicerrectorias.utp.edu.co\/responsabilidad-social\/wp-json\/wp\/v2\/comments?post=5821"}],"version-history":[{"count":2,"href":"https:\/\/vicerrectorias.utp.edu.co\/responsabilidad-social\/wp-json\/wp\/v2\/posts\/5821\/revisions"}],"predecessor-version":[{"id":61209,"href":"https:\/\/vicerrectorias.utp.edu.co\/responsabilidad-social\/wp-json\/wp\/v2\/posts\/5821\/revisions\/61209"}],"wp:featuredmedia":[{"embeddable":true,"href":"https:\/\/vicerrectorias.utp.edu.co\/responsabilidad-social\/wp-json\/wp\/v2\/media\/60424"}],"wp:attachment":[{"href":"https:\/\/vicerrectorias.utp.edu.co\/responsabilidad-social\/wp-json\/wp\/v2\/media?parent=5821"}],"wp:term":[{"taxonomy":"category","embeddable":true,"href":"https:\/\/vicerrectorias.utp.edu.co\/responsabilidad-social\/wp-json\/wp\/v2\/categories?post=5821"},{"taxonomy":"post_tag","embeddable":true,"href":"https:\/\/vicerrectorias.utp.edu.co\/responsabilidad-social\/wp-json\/wp\/v2\/tags?post=5821"}],"curies":[{"name":"wp","href":"https:\/\/api.w.org\/{rel}","templated":true}]}}