{"id":5811,"date":"2019-03-22T11:51:31","date_gmt":"2019-03-22T10:51:31","guid":{"rendered":""},"modified":"2024-08-16T14:47:50","modified_gmt":"2024-08-16T12:47:50","slug":"exito-total-consejo-nacional-de-rectores-ascun","status":"publish","type":"post","link":"https:\/\/vicerrectorias.utp.edu.co\/responsabilidad-social\/exito-total-consejo-nacional-de-rectores-ascun\/","title":{"rendered":"Exito total Consejo Nacional de Rectores ASCUN"},"content":{"rendered":"\n<p><span class=\"post-content__span\"> Con \u00e9xito se cumpli\u00f3 el Consejo Nacional de Rectores ASCUN, en la UTP<\/p>\n\n\n\n<p><span class=\"post-content__span\"> <img decoding=\"async\" src=\"https:\/\/comunicaciones.utp.edu.co\/wp-content\/uploads\/sites\/2\/Todos-los-rectores.jpg\"><\/p>\n\n\n\n<p><span class=\"post-content__span\"> La Universidad Tecnol\u00f3gica de Pereira, recibi\u00f3 a 78 rectores y delegados de las universidades p\u00fablicas y privadas de todo pa\u00eds, el Consejo Nacional de Rectores &#8211; ASCUN cont\u00f3 con la presencia de la Ministra de Educaci\u00f3n Nacional, Mar\u00eda Victoria Angulo, la Vicepresidenta de la Rep\u00fablica, Martha Luc\u00eda Ram\u00edrez, y el Viceministro de Educaci\u00f3n Superior, Luis Fernando P\u00e9rez P\u00e9rez, entre otras personalidades del gobierno nacional.<\/p>\n\n\n\n<p><span class=\"post-content__span\"> Durante dos d\u00edas la UTP fue sede del encuentro de la Asociaci\u00f3n Colombiana de Universidades, en donde los l\u00edderes de la educaci\u00f3n superior dialogaron acerca de diversos temas de actualidad, escucharon a la Ministra de Educaci\u00f3n Nacional, Mar\u00eda Victoria Angulo, quien plante\u00f3 las iniciativas que tiene el gobierno nacional en torno al Plan Nacional de Desarrollo.<\/p>\n\n\n\n<p><span class=\"post-content__span\"> En el marco del Consejo Nacional de Rectores \u2013 ASCUN, La Universidad Tecnol\u00f3gica de Pereira realiz\u00f3 la inauguraci\u00f3n del edificio de la Facultad de Ciencias de la Educaci\u00f3n, adem\u00e1s del centro de desarrollo f\u00edsico y las piscinas, tambi\u00e9n se realiz\u00f3 el acto de entrega de&nbsp;<strong>la acreditaci\u00f3n Internacional EUR-ACE<\/strong>, y el acto cultural de cierre del importante encuentro estuvo a cargo de la Orquesta Sinf\u00f3nica de la UTP con la Antolog\u00eda de Zarzuela.<\/p>\n\n\n\n<p><span class=\"post-content__span\"> \u201cEl encuentro nacional de rectores nos ha permitido encontrarnos con la ministra de educaci\u00f3n, que nos dio luces para saber a d\u00f3nde va la pol\u00edtica educativa del pa\u00eds, para donde est\u00e1 enfocando las bater\u00edas el gobierno para asignar recursos, agradecemos al rector Luis Fernando Gaviria Trujillo, es un gran anfitri\u00f3n, que est\u00e1 buscando y trabajando en todo momento por la educaci\u00f3n\u201d Expres\u00f3 Hern\u00e1n Porras D\u00edaz, rector Universidad Industrial de Santander UIS.<\/p>\n\n\n\n<p><span class=\"post-content__span\"> Los asistentes al evento reconocieron el trabajo realizado desde la rector\u00eda de la Universidad Tecnol\u00f3gica de Pereira en cabeza de Dr. Luis Fernando Gaviria Trujillo para la realizaci\u00f3n del evento, que permiti\u00f3 continuar con el fortalecimiento y la cohesi\u00f3n en torno a la educaci\u00f3n, de las universidades de todo el pa\u00eds.<\/p>\n\n\n\n<figure class=\"wp-block-image\"><img decoding=\"async\" src=\"https:\/\/comunicaciones.utp.edu.co\/wp-content\/uploads\/sites\/2\/foto-general-rectores-ascun.jpg\" alt=\"\"\/><\/figure>\n","protected":false},"excerpt":{"rendered":"<p>Con \u00e9xito se cumpli\u00f3 el Consejo Nacional de Rectores ASCUN, en la UTP La Universidad Tecnol\u00f3gica de Pereira, recibi\u00f3 a [&hellip;]<\/p>\n","protected":false},"author":0,"featured_media":60423,"comment_status":"closed","ping_status":"closed","sticky":false,"template":"","format":"standard","meta":{"footnotes":""},"categories":[3],"tags":[],"class_list":["post-5811","post","type-post","status-publish","format-standard","has-post-thumbnail","hentry","category-noticias"],"_links":{"self":[{"href":"https:\/\/vicerrectorias.utp.edu.co\/responsabilidad-social\/wp-json\/wp\/v2\/posts\/5811","targetHints":{"allow":["GET"]}}],"collection":[{"href":"https:\/\/vicerrectorias.utp.edu.co\/responsabilidad-social\/wp-json\/wp\/v2\/posts"}],"about":[{"href":"https:\/\/vicerrectorias.utp.edu.co\/responsabilidad-social\/wp-json\/wp\/v2\/types\/post"}],"replies":[{"embeddable":true,"href":"https:\/\/vicerrectorias.utp.edu.co\/responsabilidad-social\/wp-json\/wp\/v2\/comments?post=5811"}],"version-history":[{"count":3,"href":"https:\/\/vicerrectorias.utp.edu.co\/responsabilidad-social\/wp-json\/wp\/v2\/posts\/5811\/revisions"}],"predecessor-version":[{"id":61009,"href":"https:\/\/vicerrectorias.utp.edu.co\/responsabilidad-social\/wp-json\/wp\/v2\/posts\/5811\/revisions\/61009"}],"wp:featuredmedia":[{"embeddable":true,"href":"https:\/\/vicerrectorias.utp.edu.co\/responsabilidad-social\/wp-json\/wp\/v2\/media\/60423"}],"wp:attachment":[{"href":"https:\/\/vicerrectorias.utp.edu.co\/responsabilidad-social\/wp-json\/wp\/v2\/media?parent=5811"}],"wp:term":[{"taxonomy":"category","embeddable":true,"href":"https:\/\/vicerrectorias.utp.edu.co\/responsabilidad-social\/wp-json\/wp\/v2\/categories?post=5811"},{"taxonomy":"post_tag","embeddable":true,"href":"https:\/\/vicerrectorias.utp.edu.co\/responsabilidad-social\/wp-json\/wp\/v2\/tags?post=5811"}],"curies":[{"name":"wp","href":"https:\/\/api.w.org\/{rel}","templated":true}]}}