{"id":5801,"date":"2019-03-22T11:52:01","date_gmt":"2019-03-22T10:52:01","guid":{"rendered":""},"modified":"2024-08-20T09:49:12","modified_gmt":"2024-08-20T07:49:12","slug":"la-utp-recibe-acreditacion-internacional-eur-ace","status":"publish","type":"post","link":"https:\/\/vicerrectorias.utp.edu.co\/responsabilidad-social\/la-utp-recibe-acreditacion-internacional-eur-ace\/","title":{"rendered":"La UTP recibe acreditaci\u00f3n internacional EUR-ACE"},"content":{"rendered":"\n<p><span class=\"post-content__span\"> La UTP es la primera universidad de Colombia en recibir la acreditaci\u00f3n Internacional EUR-ACE<\/p>\n\n\n\n<p><span class=\"post-content__span\"> <img decoding=\"async\" src=\"https:\/\/comunicaciones.utp.edu.co\/wp-content\/uploads\/sites\/2\/certificacion-marzo-2019.jpg\">Con la presencia de la vicepresidenta de la Rep\u00fablica, Martha Luc\u00eda Ram\u00edrez, el rector de la Universidad Tecnol\u00f3gica de Pereira, Luis Fernando Gaviria Trujillo, recibi\u00f3 la Acreditaci\u00f3n Internacional EUR-ACE, para siete programas acad\u00e9micos de pregrado y posgrado, con la UTP Colombia se convierte en el tercer pa\u00eds latinoamericano en obtener esta certificaci\u00f3n.<\/p>\n\n\n\n<p><span class=\"post-content__span\"> En acto protocolario realizado en el marco del Consejo Nacional de Rectores \u2013 ASCUN, desarrollado en la Universidad Tecnol\u00f3gica de Pereira, fueron acreditados los programas de Ingenier\u00eda Industrial, Ingenier\u00eda El\u00e9ctrica, &nbsp;Ingenier\u00eda Mec\u00e1nica, Maestr\u00eda en Investigaci\u00f3n Operativa y Estad\u00edstica, Maestr\u00eda en Ingenier\u00eda Mec\u00e1nica, Maestr\u00eda en Ingenier\u00eda El\u00e9ctrica y Maestr\u00eda en Ingenier\u00eda de Sistemas y Computaci\u00f3n.<\/p>\n\n\n\n<p><span class=\"post-content__span\"> \u201cMuy contenta de estar acompa\u00f1ando al rector de la Universidad Tecnol\u00f3gica de Pereira, &nbsp;Luis Fernando Gaviria, a los vicerrectores, decanos, y a todos los investigadores a recibir estas siete acreditaciones, en tantos campos del conocimiento que son necesarios para que los j\u00f3venes de Risaralda se sigan formando, cada vez m\u00e1s en la educaci\u00f3n, que nos permita tener un departamento con una mayor diversificaci\u00f3n productiva, con mejores posibilidades de impulsar emprendimientos y opciones que nos permitan generar m\u00e1s empleos en la regi\u00f3n\u201d, asegur\u00f3&nbsp; la vicepresidenta de la Rep\u00fablica, Martha Luc\u00eda Ram\u00edrez.<\/p>\n\n\n\n<p><span class=\"post-content__span\"> Este es un importante logro para la Universidad Tecnol\u00f3gica de Pereira, que permite ver el trabajo que se ha realizado para alcanzar los est\u00e1ndares internacionales, y que ubica a la UTP entre las mejores instituciones de educaci\u00f3n superior del mundo. &nbsp;<\/p>\n\n\n\n<p><span class=\"post-content__span\"> <a href=\"https:\/\/photos.app.goo.gl\/kFWm8xnQ4cKJxhrM8\" target=\"_blank\" rel=\"noreferrer noopener\">Ver todas las fotograf\u00edas<\/a><\/p>\n\n\n\n<figure class=\"wp-block-image\"><img decoding=\"async\" src=\"https:\/\/comunicaciones.utp.edu.co\/wp-content\/uploads\/sites\/2\/vice-academico-campus.jpg\" alt=\"\"\/><\/figure>\n","protected":false},"excerpt":{"rendered":"<p>La UTP es la primera universidad de Colombia en recibir la acreditaci\u00f3n Internacional EUR-ACE Con la presencia de la vicepresidenta [&hellip;]<\/p>\n","protected":false},"author":0,"featured_media":60422,"comment_status":"closed","ping_status":"closed","sticky":false,"template":"","format":"standard","meta":{"footnotes":""},"categories":[3],"tags":[],"class_list":["post-5801","post","type-post","status-publish","format-standard","has-post-thumbnail","hentry","category-noticias"],"_links":{"self":[{"href":"https:\/\/vicerrectorias.utp.edu.co\/responsabilidad-social\/wp-json\/wp\/v2\/posts\/5801","targetHints":{"allow":["GET"]}}],"collection":[{"href":"https:\/\/vicerrectorias.utp.edu.co\/responsabilidad-social\/wp-json\/wp\/v2\/posts"}],"about":[{"href":"https:\/\/vicerrectorias.utp.edu.co\/responsabilidad-social\/wp-json\/wp\/v2\/types\/post"}],"replies":[{"embeddable":true,"href":"https:\/\/vicerrectorias.utp.edu.co\/responsabilidad-social\/wp-json\/wp\/v2\/comments?post=5801"}],"version-history":[{"count":2,"href":"https:\/\/vicerrectorias.utp.edu.co\/responsabilidad-social\/wp-json\/wp\/v2\/posts\/5801\/revisions"}],"predecessor-version":[{"id":61169,"href":"https:\/\/vicerrectorias.utp.edu.co\/responsabilidad-social\/wp-json\/wp\/v2\/posts\/5801\/revisions\/61169"}],"wp:featuredmedia":[{"embeddable":true,"href":"https:\/\/vicerrectorias.utp.edu.co\/responsabilidad-social\/wp-json\/wp\/v2\/media\/60422"}],"wp:attachment":[{"href":"https:\/\/vicerrectorias.utp.edu.co\/responsabilidad-social\/wp-json\/wp\/v2\/media?parent=5801"}],"wp:term":[{"taxonomy":"category","embeddable":true,"href":"https:\/\/vicerrectorias.utp.edu.co\/responsabilidad-social\/wp-json\/wp\/v2\/categories?post=5801"},{"taxonomy":"post_tag","embeddable":true,"href":"https:\/\/vicerrectorias.utp.edu.co\/responsabilidad-social\/wp-json\/wp\/v2\/tags?post=5801"}],"curies":[{"name":"wp","href":"https:\/\/api.w.org\/{rel}","templated":true}]}}