{"id":5781,"date":"2019-03-22T11:44:45","date_gmt":"2019-03-22T10:44:45","guid":{"rendered":""},"modified":"2024-08-15T15:52:38","modified_gmt":"2024-08-15T13:52:38","slug":"rectores-de-todo-el-pais-disfrutaron-la-zarzuela","status":"publish","type":"post","link":"https:\/\/vicerrectorias.utp.edu.co\/responsabilidad-social\/rectores-de-todo-el-pais-disfrutaron-la-zarzuela\/","title":{"rendered":"Rectores de todo el pa\u00eds disfrutaron la Zarzuela"},"content":{"rendered":"\n<div>\n<p><span class=\"post-content__span\"> Rectores de todo el pa\u00eds disfrutaron de la Antolog\u00eda de la Zarzuela<\/p>\n<\/div>\n\n\n\n<div>\n<div>\n<div>&nbsp;<\/div>\n<\/div>\n<div>\n<div>\n<p><span class=\"post-content__span\"> <img decoding=\"async\" src=\"https:\/\/comunicaciones.utp.edu.co\/wp-content\/uploads\/sites\/2\/ZARZUELAPEQUEnA.jpg\">Los asistentes al Consejo Nacional de Rectores \u2013 ASCUN, disfrutaron de Antolog\u00eda de la Zarzuela presentada por la Orquesta Sinf\u00f3nica y el Coro Sinf\u00f3nico de la Universidad Tecnol\u00f3gica de Pereira. &nbsp;<\/p>\n<p><span class=\"post-content__span\"> Antolog\u00eda de la Zarzuela 2019 es un montaje sinf\u00f3nico-coral que recorre las m\u00e1s memorables historias de amor de la escena musical espa\u00f1ola, este montaje es el resultado del trabajo constante de dos meses en el que participan cerca de 55 m\u00fasicos de la Orquesta Sinf\u00f3nica y 50 del coro, para un total de m\u00e1s de 100 artistas en escena, participan adem\u00e1s cuatro solistas, entre maestros&nbsp; y estudiantes; es una trabajo de gran envergadura que ha requerido un intenso trabajo de ensayos preparativos e incluso la adaptaci\u00f3n de escenario con tarimas e iluminaci\u00f3n adicional, tambi\u00e9n se destaca el vestuario utilizado para ilustrar mejor ante el p\u00fablico el contexto de cada pieza.<\/p>\n<p><span class=\"post-content__span\"> La Orquesta Sinf\u00f3nica de la Universidad Tecnol\u00f3gica de Pereira es un proyecto de la Vicerrector\u00eda de Responsabilidad Social y Bienestar Universitario y est\u00e1 bajo la direcci\u00f3n musical del maestro Leopoldo L\u00f3pez Gonz\u00e1lez, est\u00e1 conformada por m\u00fasicos profesionales, profesores, monitores y estudiantes invitados de la Escuela de M\u00fasica convocados por audiciones.<\/p>\n<p><span class=\"post-content__span\"> El Coro Sinf\u00f3nico de la Universidad Tecnol\u00f3gica de Pereira pertenece a la Escuela de M\u00fasica de la universidad y est\u00e1 bajo la direcci\u00f3n del maestro Julio Alberto Mej\u00eda Ospina y la codirecci\u00f3n y piano repeditor de la maestra Diana Patricia Salazar Torres, ambos profesores de la universidad, est\u00e1 conformado por estudiantes, egresados de la Escuela de M\u00fasica y m\u00fasicos invitados de la ciudad.<\/p>\n<p><span class=\"post-content__span\"> Los rectores y delegados de las universidades p\u00fablicas y privadas de Colombia disfrutaron del acto musical del evento y reconocieron el talento de los artistas de la Universidad Tecnol\u00f3gica de Pereira.<\/p>\n<p><span class=\"post-content__span\"> Este espectaculo podr\u00e1 ser disfrutado comunidad universitaria el pr\u00f3ximo 26 de marzo a manera de bienvenida al nuevo semestre acad\u00e9mico.<\/p>\n<p><span class=\"post-content__span\"> <a href=\"https:\/\/photos.app.goo.gl\/TSsjJcY5n2utSreLA\" target=\"_blank\" rel=\"noopener noreferrer\">Ver todas las fotograf\u00edas del evento.<\/a><\/p>\n<figure><img decoding=\"async\" src=\"https:\/\/comunicaciones.utp.edu.co\/wp-content\/uploads\/sites\/2\/ZARZUELA.jpg\"><\/figure><p><span class=\"post-content__span\"> <\/p>\n<div>&nbsp;<\/div>\n<\/div>\n<\/div>\n<\/div>\n","protected":false},"excerpt":{"rendered":"<p>Rectores de todo el pa\u00eds disfrutaron de la Antolog\u00eda de la Zarzuela &nbsp; Los asistentes al Consejo Nacional de Rectores [&hellip;]<\/p>\n","protected":false},"author":0,"featured_media":60420,"comment_status":"closed","ping_status":"closed","sticky":false,"template":"","format":"standard","meta":{"footnotes":""},"categories":[3],"tags":[],"class_list":["post-5781","post","type-post","status-publish","format-standard","has-post-thumbnail","hentry","category-noticias"],"_links":{"self":[{"href":"https:\/\/vicerrectorias.utp.edu.co\/responsabilidad-social\/wp-json\/wp\/v2\/posts\/5781","targetHints":{"allow":["GET"]}}],"collection":[{"href":"https:\/\/vicerrectorias.utp.edu.co\/responsabilidad-social\/wp-json\/wp\/v2\/posts"}],"about":[{"href":"https:\/\/vicerrectorias.utp.edu.co\/responsabilidad-social\/wp-json\/wp\/v2\/types\/post"}],"replies":[{"embeddable":true,"href":"https:\/\/vicerrectorias.utp.edu.co\/responsabilidad-social\/wp-json\/wp\/v2\/comments?post=5781"}],"version-history":[{"count":1,"href":"https:\/\/vicerrectorias.utp.edu.co\/responsabilidad-social\/wp-json\/wp\/v2\/posts\/5781\/revisions"}],"predecessor-version":[{"id":9041,"href":"https:\/\/vicerrectorias.utp.edu.co\/responsabilidad-social\/wp-json\/wp\/v2\/posts\/5781\/revisions\/9041"}],"wp:featuredmedia":[{"embeddable":true,"href":"https:\/\/vicerrectorias.utp.edu.co\/responsabilidad-social\/wp-json\/wp\/v2\/media\/60420"}],"wp:attachment":[{"href":"https:\/\/vicerrectorias.utp.edu.co\/responsabilidad-social\/wp-json\/wp\/v2\/media?parent=5781"}],"wp:term":[{"taxonomy":"category","embeddable":true,"href":"https:\/\/vicerrectorias.utp.edu.co\/responsabilidad-social\/wp-json\/wp\/v2\/categories?post=5781"},{"taxonomy":"post_tag","embeddable":true,"href":"https:\/\/vicerrectorias.utp.edu.co\/responsabilidad-social\/wp-json\/wp\/v2\/tags?post=5781"}],"curies":[{"name":"wp","href":"https:\/\/api.w.org\/{rel}","templated":true}]}}