{"id":5751,"date":"2019-03-11T13:03:53","date_gmt":"2019-03-11T12:03:53","guid":{"rendered":""},"modified":"2024-08-20T10:32:58","modified_gmt":"2024-08-20T08:32:58","slug":"mujer-y-genero-utp-2019","status":"publish","type":"post","link":"https:\/\/vicerrectorias.utp.edu.co\/responsabilidad-social\/mujer-y-genero-utp-2019\/","title":{"rendered":"Mujer y Genero UTP 2019"},"content":{"rendered":"\n<p><span class=\"post-content__span\"> Mujer y Genero UTP.<br>En el marco del D\u00eda Internacional de la Mujer, nos reunimos para conocer algunos de los diferentes procesos que se realizan en nuestra universidad en los temas de Mujeres y Perspectiva de G\u00e9nero, as\u00ed como socializar los avances en la formulaci\u00f3n de la Ruta de atenci\u00f3n a violencias y pol\u00edtica.&nbsp;<br>Miradas desde el deporte, las ingenier\u00edas, el ambiente, la pol\u00edtica, la comunidad, la educaci\u00f3n y la movilizaci\u00f3n social, fueron puestas en com\u00fan acordando la necesidad de articular los esfuerzos, de apoyo mutuo, enfatizando la necesidad de Insertar la perspectiva de G\u00e9nero en la Vida Universitaria, en el Plan de Desarrollo y en todas las instancias y funciones universitarias. Total rechazo a toda forma de discriminaci\u00f3n y espec\u00edficamente a las relacionadas con violencias contra las mujeres y basadas en g\u00e9nero.&nbsp;<br>Recordamos a quienes nos han precedido, reconocimos los aportes desde los diversos saberes y la necesidad de fortalecer la Red Local y Nacional.&nbsp;<br>Participaron semilleros de investigaci\u00f3n: WIE, Mujer y deporte, Familia-Educaci\u00f3n y Comunidad, Perspectiva de G\u00e9nero en la Vida Universitaria, Experiencias docentes-investigativas desde las ciencias ambientales, filosof\u00eda, las artes, la salud, La Red Universitaria por la Equidad de G\u00e9nero y el proceso estudiantil del Comit\u00e9 de Genero UTP.&nbsp;<br>informes:&nbsp;<a href=\"mailto:cegutp@utp.edu.co\" target=\"_blank\" rel=\"noreferrer noopener\">cegutp@utp.edu.co<\/a><\/p>\n\n\n\n<figure class=\"wp-block-image\"><img decoding=\"async\" src=\"https:\/\/vicerrectorias.utp.edu.co\/responsabilidad-social\/wp-content\/uploads\/sites\/12\/2marzo%207.jpg\" alt=\"\"\/><\/figure>\n\n\n\n<div><\/div>\n\n\n\n<figure class=\"wp-block-image\"><img decoding=\"async\" src=\"https:\/\/vicerrectorias.utp.edu.co\/responsabilidad-social\/wp-content\/uploads\/sites\/12\/5marzo%207.jpg\" alt=\"\"\/><\/figure>\n\n\n\n<figure class=\"wp-block-image\"><img decoding=\"async\" src=\"https:\/\/vicerrectorias.utp.edu.co\/responsabilidad-social\/wp-content\/uploads\/sites\/12\/8marzo%207.jpg\" alt=\"\"\/><\/figure>\n","protected":false},"excerpt":{"rendered":"<p>Mujer y Genero UTP.En el marco del D\u00eda Internacional de la Mujer, nos reunimos para conocer algunos de los diferentes [&hellip;]<\/p>\n","protected":false},"author":0,"featured_media":60417,"comment_status":"closed","ping_status":"closed","sticky":false,"template":"","format":"standard","meta":{"footnotes":""},"categories":[3],"tags":[],"class_list":["post-5751","post","type-post","status-publish","format-standard","has-post-thumbnail","hentry","category-noticias"],"_links":{"self":[{"href":"https:\/\/vicerrectorias.utp.edu.co\/responsabilidad-social\/wp-json\/wp\/v2\/posts\/5751","targetHints":{"allow":["GET"]}}],"collection":[{"href":"https:\/\/vicerrectorias.utp.edu.co\/responsabilidad-social\/wp-json\/wp\/v2\/posts"}],"about":[{"href":"https:\/\/vicerrectorias.utp.edu.co\/responsabilidad-social\/wp-json\/wp\/v2\/types\/post"}],"replies":[{"embeddable":true,"href":"https:\/\/vicerrectorias.utp.edu.co\/responsabilidad-social\/wp-json\/wp\/v2\/comments?post=5751"}],"version-history":[{"count":4,"href":"https:\/\/vicerrectorias.utp.edu.co\/responsabilidad-social\/wp-json\/wp\/v2\/posts\/5751\/revisions"}],"predecessor-version":[{"id":61200,"href":"https:\/\/vicerrectorias.utp.edu.co\/responsabilidad-social\/wp-json\/wp\/v2\/posts\/5751\/revisions\/61200"}],"wp:featuredmedia":[{"embeddable":true,"href":"https:\/\/vicerrectorias.utp.edu.co\/responsabilidad-social\/wp-json\/wp\/v2\/media\/60417"}],"wp:attachment":[{"href":"https:\/\/vicerrectorias.utp.edu.co\/responsabilidad-social\/wp-json\/wp\/v2\/media?parent=5751"}],"wp:term":[{"taxonomy":"category","embeddable":true,"href":"https:\/\/vicerrectorias.utp.edu.co\/responsabilidad-social\/wp-json\/wp\/v2\/categories?post=5751"},{"taxonomy":"post_tag","embeddable":true,"href":"https:\/\/vicerrectorias.utp.edu.co\/responsabilidad-social\/wp-json\/wp\/v2\/tags?post=5751"}],"curies":[{"name":"wp","href":"https:\/\/api.w.org\/{rel}","templated":true}]}}