{"id":5741,"date":"2019-03-07T14:27:11","date_gmt":"2019-03-07T13:27:11","guid":{"rendered":""},"modified":"2024-08-20T09:14:23","modified_gmt":"2024-08-20T07:14:23","slug":"inscripcion-nivel-1-y-2-lengua-de-senas-colombiana","status":"publish","type":"post","link":"https:\/\/vicerrectorias.utp.edu.co\/responsabilidad-social\/inscripcion-nivel-1-y-2-lengua-de-senas-colombiana\/","title":{"rendered":"INSCRIPCI\u00d3N NIVEL 1 y 2 LENGUA DE SE\u00d1AS COLOMBIANA"},"content":{"rendered":"\n<p><span class=\"post-content__span\"> <strong>INSCRIPCI\u00d3N&nbsp;<\/strong><strong>NIVEL 1&nbsp;<\/strong><strong>LENGUA DE SE\u00d1AS COLOMBIANA<\/strong><\/p>\n\n\n\n<figure class=\"wp-block-image size-full\"><img loading=\"lazy\" decoding=\"async\" width=\"2550\" height=\"1737\" src=\"https:\/\/vicerrectorias.utp.edu.co\/responsabilidad-social\/wp-content\/uploads\/sites\/12\/1lengua-de-senas-2019-1-1.jpg\" alt=\"\" class=\"wp-image-61129\"\/><\/figure>\n\n\n\n<p><span class=\"post-content__span\"> <strong>INSCRIPCI\u00d3N&nbsp;<\/strong><strong>NIVEL 2&nbsp;<\/strong><strong>DE LENGUA DE SE\u00d1AS COLOMBIANA<\/strong><\/p>\n\n\n\n<figure class=\"wp-block-image size-full\"><img loading=\"lazy\" decoding=\"async\" width=\"2550\" height=\"1737\" src=\"https:\/\/vicerrectorias.utp.edu.co\/responsabilidad-social\/wp-content\/uploads\/sites\/12\/2lengua-de-senas-2019-1.jpg\" alt=\"\" class=\"wp-image-61130\"\/><\/figure>\n","protected":false},"excerpt":{"rendered":"<p>INSCRIPCI\u00d3N&nbsp;NIVEL 1&nbsp;LENGUA DE SE\u00d1AS COLOMBIANA INSCRIPCI\u00d3N&nbsp;NIVEL 2&nbsp;DE LENGUA DE SE\u00d1AS COLOMBIANA<\/p>\n","protected":false},"author":0,"featured_media":60416,"comment_status":"closed","ping_status":"closed","sticky":false,"template":"","format":"standard","meta":{"footnotes":""},"categories":[3],"tags":[],"class_list":["post-5741","post","type-post","status-publish","format-standard","has-post-thumbnail","hentry","category-noticias"],"_links":{"self":[{"href":"https:\/\/vicerrectorias.utp.edu.co\/responsabilidad-social\/wp-json\/wp\/v2\/posts\/5741","targetHints":{"allow":["GET"]}}],"collection":[{"href":"https:\/\/vicerrectorias.utp.edu.co\/responsabilidad-social\/wp-json\/wp\/v2\/posts"}],"about":[{"href":"https:\/\/vicerrectorias.utp.edu.co\/responsabilidad-social\/wp-json\/wp\/v2\/types\/post"}],"replies":[{"embeddable":true,"href":"https:\/\/vicerrectorias.utp.edu.co\/responsabilidad-social\/wp-json\/wp\/v2\/comments?post=5741"}],"version-history":[{"count":2,"href":"https:\/\/vicerrectorias.utp.edu.co\/responsabilidad-social\/wp-json\/wp\/v2\/posts\/5741\/revisions"}],"predecessor-version":[{"id":61131,"href":"https:\/\/vicerrectorias.utp.edu.co\/responsabilidad-social\/wp-json\/wp\/v2\/posts\/5741\/revisions\/61131"}],"wp:featuredmedia":[{"embeddable":true,"href":"https:\/\/vicerrectorias.utp.edu.co\/responsabilidad-social\/wp-json\/wp\/v2\/media\/60416"}],"wp:attachment":[{"href":"https:\/\/vicerrectorias.utp.edu.co\/responsabilidad-social\/wp-json\/wp\/v2\/media?parent=5741"}],"wp:term":[{"taxonomy":"category","embeddable":true,"href":"https:\/\/vicerrectorias.utp.edu.co\/responsabilidad-social\/wp-json\/wp\/v2\/categories?post=5741"},{"taxonomy":"post_tag","embeddable":true,"href":"https:\/\/vicerrectorias.utp.edu.co\/responsabilidad-social\/wp-json\/wp\/v2\/tags?post=5741"}],"curies":[{"name":"wp","href":"https:\/\/api.w.org\/{rel}","templated":true}]}}