{"id":5731,"date":"2019-03-06T09:29:06","date_gmt":"2019-03-06T08:29:06","guid":{"rendered":""},"modified":"2024-08-15T15:52:39","modified_gmt":"2024-08-15T13:52:39","slug":"conmemoracion-dia-de-la-mujer-2019","status":"publish","type":"post","link":"https:\/\/vicerrectorias.utp.edu.co\/responsabilidad-social\/conmemoracion-dia-de-la-mujer-2019\/","title":{"rendered":"Conmemoraci\u00f3n D\u00eda de la Mujer 2019"},"content":{"rendered":"\n<figure class=\"wp-block-image\"><img decoding=\"async\" src=\"https:\/\/vicerrectorias.utp.edu.co\/responsabilidad-social\/wp-content\/uploads\/sites\/12\/conmemoracion-dia-de-la-mujer-4-de-marzo.png\" alt=\"\"\/><\/figure>\n\n\n\n<p><span class=\"post-content__span\"> Agenda actividades Conmemoraci\u00f3n D\u00eda de la Mujer:<\/p>\n\n\n\n<p><span class=\"post-content__span\"> <span>2:00 de la tarde:<\/span><\/p>\n\n\n\n<p><span class=\"post-content__span\"> Bienvenida a cargo del Se\u00f1or Rector de la Universidad Tecnol\u00f3gica de Pereira, Dr. Luis Fernando Gaviria Trujillo.<\/p>\n\n\n\n<p><span class=\"post-content__span\"> <span>2:15 de la tarde:<\/span><\/p>\n\n\n\n<p><span class=\"post-content__span\"> Presentaci\u00f3n Perspectiva de G\u00e9nero&nbsp;en la Vida Universitaria&nbsp;a cargo de la Dra. Sonia Valencia&nbsp;Yepes.<\/p>\n\n\n\n<p><span class=\"post-content__span\"> <span>2:45 de la tarde:<\/span><\/p>\n\n\n\n<p><span class=\"post-content__span\"> Acto cultural Show de tango y bolero a cargo del maestro Jimmy Contreras.<\/p>\n\n\n\n<p><span class=\"post-content__span\"> <span>4:00 de la tarde actividad deportiva.<\/span><\/p>\n","protected":false},"excerpt":{"rendered":"<p>Agenda actividades Conmemoraci\u00f3n D\u00eda de la Mujer: 2:00 de la tarde: Bienvenida a cargo del Se\u00f1or Rector de la Universidad [&hellip;]<\/p>\n","protected":false},"author":0,"featured_media":60415,"comment_status":"closed","ping_status":"closed","sticky":false,"template":"","format":"standard","meta":{"footnotes":""},"categories":[3],"tags":[],"class_list":["post-5731","post","type-post","status-publish","format-standard","has-post-thumbnail","hentry","category-noticias"],"_links":{"self":[{"href":"https:\/\/vicerrectorias.utp.edu.co\/responsabilidad-social\/wp-json\/wp\/v2\/posts\/5731","targetHints":{"allow":["GET"]}}],"collection":[{"href":"https:\/\/vicerrectorias.utp.edu.co\/responsabilidad-social\/wp-json\/wp\/v2\/posts"}],"about":[{"href":"https:\/\/vicerrectorias.utp.edu.co\/responsabilidad-social\/wp-json\/wp\/v2\/types\/post"}],"replies":[{"embeddable":true,"href":"https:\/\/vicerrectorias.utp.edu.co\/responsabilidad-social\/wp-json\/wp\/v2\/comments?post=5731"}],"version-history":[{"count":1,"href":"https:\/\/vicerrectorias.utp.edu.co\/responsabilidad-social\/wp-json\/wp\/v2\/posts\/5731\/revisions"}],"predecessor-version":[{"id":9047,"href":"https:\/\/vicerrectorias.utp.edu.co\/responsabilidad-social\/wp-json\/wp\/v2\/posts\/5731\/revisions\/9047"}],"wp:featuredmedia":[{"embeddable":true,"href":"https:\/\/vicerrectorias.utp.edu.co\/responsabilidad-social\/wp-json\/wp\/v2\/media\/60415"}],"wp:attachment":[{"href":"https:\/\/vicerrectorias.utp.edu.co\/responsabilidad-social\/wp-json\/wp\/v2\/media?parent=5731"}],"wp:term":[{"taxonomy":"category","embeddable":true,"href":"https:\/\/vicerrectorias.utp.edu.co\/responsabilidad-social\/wp-json\/wp\/v2\/categories?post=5731"},{"taxonomy":"post_tag","embeddable":true,"href":"https:\/\/vicerrectorias.utp.edu.co\/responsabilidad-social\/wp-json\/wp\/v2\/tags?post=5731"}],"curies":[{"name":"wp","href":"https:\/\/api.w.org\/{rel}","templated":true}]}}