{"id":5721,"date":"2019-03-04T11:06:35","date_gmt":"2019-03-04T10:06:35","guid":{"rendered":""},"modified":"2024-08-15T15:52:39","modified_gmt":"2024-08-15T13:52:39","slug":"bienvenida-segundo-grupo-estudiantes-2019-1","status":"publish","type":"post","link":"https:\/\/vicerrectorias.utp.edu.co\/responsabilidad-social\/bienvenida-segundo-grupo-estudiantes-2019-1\/","title":{"rendered":"Bienvenida segundo grupo estudiantes 2019 -1"},"content":{"rendered":"\n<p><span class=\"post-content__span\"> Las directivas de la Universidad Tecnol\u00f3gica de Pereira realizaron la ceremonia de bienvenida a padres de familia y estudiantes a la vida universitaria del a\u00f1o 2019.<\/p>\n\n\n\n<p><span class=\"post-content__span\"> El rector de la Universidad, Luis Fernando Gaviria Trujillo, acompa\u00f1ado por el comit\u00e9 directivo institucional y algunas directivas acad\u00e9micas, dieron la bienvenida a m\u00e1s de 2.000 j\u00f3venes que comienzan su Semana de Adaptaci\u00f3n y Pruebas de Clasificaci\u00f3n en la Universidad Tecnol\u00f3gica de Pereira.<\/p>\n\n\n\n<p><span class=\"post-content__span\"> Los nuevos estudiantes UTP disfrutaron tambi\u00e9n de actividades culturales y recreativas.<\/p>\n\n\n\n<figure class=\"wp-block-image\"><img decoding=\"async\" src=\"https:\/\/vicerrectorias.utp.edu.co\/responsabilidad-social\/wp-content\/uploads\/sites\/12\/bienvenida-estudiantes05.jpg\" alt=\"\"\/><\/figure>\n\n\n\n<figure class=\"wp-block-image\"><img decoding=\"async\" src=\"https:\/\/vicerrectorias.utp.edu.co\/responsabilidad-social\/wp-content\/uploads\/sites\/12\/bienvenida-estudiantes07.jpg\" alt=\"\"\/><\/figure>\n\n\n\n<figure class=\"wp-block-image\"><img decoding=\"async\" src=\"https:\/\/vicerrectorias.utp.edu.co\/responsabilidad-social\/wp-content\/uploads\/sites\/12\/bienvenida-estudiantes02.jpg\" alt=\"\"\/><\/figure>\n","protected":false},"excerpt":{"rendered":"<p>Las directivas de la Universidad Tecnol\u00f3gica de Pereira realizaron la ceremonia de bienvenida a padres de familia y estudiantes a [&hellip;]<\/p>\n","protected":false},"author":0,"featured_media":60414,"comment_status":"closed","ping_status":"closed","sticky":false,"template":"","format":"standard","meta":{"footnotes":""},"categories":[3],"tags":[],"class_list":["post-5721","post","type-post","status-publish","format-standard","has-post-thumbnail","hentry","category-noticias"],"_links":{"self":[{"href":"https:\/\/vicerrectorias.utp.edu.co\/responsabilidad-social\/wp-json\/wp\/v2\/posts\/5721","targetHints":{"allow":["GET"]}}],"collection":[{"href":"https:\/\/vicerrectorias.utp.edu.co\/responsabilidad-social\/wp-json\/wp\/v2\/posts"}],"about":[{"href":"https:\/\/vicerrectorias.utp.edu.co\/responsabilidad-social\/wp-json\/wp\/v2\/types\/post"}],"replies":[{"embeddable":true,"href":"https:\/\/vicerrectorias.utp.edu.co\/responsabilidad-social\/wp-json\/wp\/v2\/comments?post=5721"}],"version-history":[{"count":1,"href":"https:\/\/vicerrectorias.utp.edu.co\/responsabilidad-social\/wp-json\/wp\/v2\/posts\/5721\/revisions"}],"predecessor-version":[{"id":9048,"href":"https:\/\/vicerrectorias.utp.edu.co\/responsabilidad-social\/wp-json\/wp\/v2\/posts\/5721\/revisions\/9048"}],"wp:featuredmedia":[{"embeddable":true,"href":"https:\/\/vicerrectorias.utp.edu.co\/responsabilidad-social\/wp-json\/wp\/v2\/media\/60414"}],"wp:attachment":[{"href":"https:\/\/vicerrectorias.utp.edu.co\/responsabilidad-social\/wp-json\/wp\/v2\/media?parent=5721"}],"wp:term":[{"taxonomy":"category","embeddable":true,"href":"https:\/\/vicerrectorias.utp.edu.co\/responsabilidad-social\/wp-json\/wp\/v2\/categories?post=5721"},{"taxonomy":"post_tag","embeddable":true,"href":"https:\/\/vicerrectorias.utp.edu.co\/responsabilidad-social\/wp-json\/wp\/v2\/tags?post=5721"}],"curies":[{"name":"wp","href":"https:\/\/api.w.org\/{rel}","templated":true}]}}