{"id":5711,"date":"2019-03-01T10:41:35","date_gmt":"2019-03-01T09:41:35","guid":{"rendered":""},"modified":"2024-08-20T08:08:48","modified_gmt":"2024-08-20T06:08:48","slug":"genero-y-mujer-en-la-utp-2019","status":"publish","type":"post","link":"https:\/\/vicerrectorias.utp.edu.co\/responsabilidad-social\/genero-y-mujer-en-la-utp-2019\/","title":{"rendered":"GENERO Y MUJER EN LA UTP 2019"},"content":{"rendered":"\n<p><span class=\"post-content__span\"> La Vicerrector\u00eda de Responsabilidad Social y Bienestar Universitario en el marco de la Conmemoraci\u00f3n del d\u00eda Internacional de la Mujer,&nbsp;Invitamos a quienes en la U.T.P. trabajan temas de Mujer y G\u00e9nero desde semilleros de investigaci\u00f3n, c\u00e1tedra, extensi\u00f3n y grupos, para conocernos, compartir experiencias y unir esfuerzos por la Equidad de Genero en la UTP.<\/p>\n\n\n\n<p><span class=\"post-content__span\"> GENERO Y MUJER EN LA UTP&nbsp;<\/p>\n\n\n\n<p><span class=\"post-content__span\"> D\u00cdA&nbsp;Jueves 7 de Marzo<br>HORA 8:00 a 12:00<br>LUGAR: Sala tres centro de visitantes<\/p>\n\n\n\n<p><span class=\"post-content__span\"> Inscripciones para presentaci\u00f3n:&nbsp;<a href=\"mailto:cegutp@utp.edu.co\" target=\"_blank\" rel=\"noreferrer noopener\">cegutp@utp.edu.co<\/a><br>Evento gratuito y libre asistencia<\/p>\n\n\n\n<figure class=\"wp-block-image\"><img decoding=\"async\" src=\"https:\/\/vicerrectorias.utp.edu.co\/responsabilidad-social\/wp-content\/uploads\/sites\/12\/jueves%207.png\" alt=\"\"\/><\/figure>\n\n\n\n<p><span class=\"post-content__span\"> Invitan:&nbsp;<\/p>\n\n\n\n<p><span class=\"post-content__span\"> Semilleros de Investigaci\u00f3n: Perspectiva de G\u00e9nero y Educaci\u00f3n, Familia Educaci\u00f3n y Comunidad, Join Developer, Grupo Nyquist, WIE Women in Enginering UTP, Mujer y Deporte, Comit\u00e9 Genero UTP (estudiantil), ASPU, Asociaci\u00f3n de Jubilados, Centro de Estudios de G\u00e9nero UTP y Vicerrector\u00eda de Responsabilidad Social y Bienestar Universitario<\/p>\n","protected":false},"excerpt":{"rendered":"<p>La Vicerrector\u00eda de Responsabilidad Social y Bienestar Universitario en el marco de la Conmemoraci\u00f3n del d\u00eda Internacional de la Mujer,&nbsp;Invitamos [&hellip;]<\/p>\n","protected":false},"author":0,"featured_media":60413,"comment_status":"closed","ping_status":"closed","sticky":false,"template":"","format":"standard","meta":{"footnotes":""},"categories":[3],"tags":[],"class_list":["post-5711","post","type-post","status-publish","format-standard","has-post-thumbnail","hentry","category-noticias"],"_links":{"self":[{"href":"https:\/\/vicerrectorias.utp.edu.co\/responsabilidad-social\/wp-json\/wp\/v2\/posts\/5711","targetHints":{"allow":["GET"]}}],"collection":[{"href":"https:\/\/vicerrectorias.utp.edu.co\/responsabilidad-social\/wp-json\/wp\/v2\/posts"}],"about":[{"href":"https:\/\/vicerrectorias.utp.edu.co\/responsabilidad-social\/wp-json\/wp\/v2\/types\/post"}],"replies":[{"embeddable":true,"href":"https:\/\/vicerrectorias.utp.edu.co\/responsabilidad-social\/wp-json\/wp\/v2\/comments?post=5711"}],"version-history":[{"count":2,"href":"https:\/\/vicerrectorias.utp.edu.co\/responsabilidad-social\/wp-json\/wp\/v2\/posts\/5711\/revisions"}],"predecessor-version":[{"id":61072,"href":"https:\/\/vicerrectorias.utp.edu.co\/responsabilidad-social\/wp-json\/wp\/v2\/posts\/5711\/revisions\/61072"}],"wp:featuredmedia":[{"embeddable":true,"href":"https:\/\/vicerrectorias.utp.edu.co\/responsabilidad-social\/wp-json\/wp\/v2\/media\/60413"}],"wp:attachment":[{"href":"https:\/\/vicerrectorias.utp.edu.co\/responsabilidad-social\/wp-json\/wp\/v2\/media?parent=5711"}],"wp:term":[{"taxonomy":"category","embeddable":true,"href":"https:\/\/vicerrectorias.utp.edu.co\/responsabilidad-social\/wp-json\/wp\/v2\/categories?post=5711"},{"taxonomy":"post_tag","embeddable":true,"href":"https:\/\/vicerrectorias.utp.edu.co\/responsabilidad-social\/wp-json\/wp\/v2\/tags?post=5711"}],"curies":[{"name":"wp","href":"https:\/\/api.w.org\/{rel}","templated":true}]}}