{"id":5671,"date":"2019-02-20T09:58:34","date_gmt":"2019-02-20T08:58:34","guid":{"rendered":""},"modified":"2024-08-20T09:32:33","modified_gmt":"2024-08-20T07:32:33","slug":"invitacion-estreno-pelicula-la-profecia-del-munay","status":"publish","type":"post","link":"https:\/\/vicerrectorias.utp.edu.co\/responsabilidad-social\/invitacion-estreno-pelicula-la-profecia-del-munay\/","title":{"rendered":"Invitaci\u00f3n estreno pel\u00edcula La Profecia del Munay"},"content":{"rendered":"\n<p><span class=\"post-content__span\"> <span>EL Movimiento Munay Suyu, con el apoyo de la Fundaci\u00f3n Aluna y la Vicerrector\u00eda de Responsabilidad Social y Bienestar Universitario de la UTP&nbsp;en el marco de la estrategia de IyE,&nbsp;invitan al estreno de la pel\u00edcula \u00ab<strong>La Profec\u00eda del Munay<\/strong>\u00bb y a un conversatorio con su director el Sacerdote Solar Inca \u00d1aupany Puma.<\/span><\/p>\n\n\n\n<p><span class=\"post-content__span\"> \u00d1aupany esta realizando un peregrinaje por Am\u00e9rica, convocando a todos los hijos e hijas del Sol y de la Tierra a ser parte de una gran red espiritual de Am\u00e9rica, para sanar la humanidad por medio de la sanaci\u00f3n de la Pachamama y transcender todos juntos hacia el Nuevo Tiempo, la Era del Coraz\u00f3n.<\/p>\n\n\n\n<p><span class=\"post-content__span\"> Los\u00a0esperamos este viernes 22 de Febrero, a las 5:30pm en el teatro Risaralda, en el Edificio No 12 de la Facultad de Artes y Humanidades\u00a0Universidad Tecnol\u00f3gica de Pereira.<\/p>\n\n\n\n<p><span class=\"post-content__span\"> <\/p>\n\n\n\n<figure class=\"wp-block-image\"><img decoding=\"async\" src=\"https:\/\/vicerrectorias.utp.edu.co\/responsabilidad-social\/wp-content\/uploads\/sites\/12\/IMG-20190219-WA0005.jpg\" alt=\"\"\/><\/figure>\n\n\n\n<div><\/div>\n","protected":false},"excerpt":{"rendered":"<p>EL Movimiento Munay Suyu, con el apoyo de la Fundaci\u00f3n Aluna y la Vicerrector\u00eda de Responsabilidad Social y Bienestar Universitario [&hellip;]<\/p>\n","protected":false},"author":0,"featured_media":60409,"comment_status":"closed","ping_status":"closed","sticky":false,"template":"","format":"standard","meta":{"footnotes":""},"categories":[3],"tags":[],"class_list":["post-5671","post","type-post","status-publish","format-standard","has-post-thumbnail","hentry","category-noticias"],"_links":{"self":[{"href":"https:\/\/vicerrectorias.utp.edu.co\/responsabilidad-social\/wp-json\/wp\/v2\/posts\/5671","targetHints":{"allow":["GET"]}}],"collection":[{"href":"https:\/\/vicerrectorias.utp.edu.co\/responsabilidad-social\/wp-json\/wp\/v2\/posts"}],"about":[{"href":"https:\/\/vicerrectorias.utp.edu.co\/responsabilidad-social\/wp-json\/wp\/v2\/types\/post"}],"replies":[{"embeddable":true,"href":"https:\/\/vicerrectorias.utp.edu.co\/responsabilidad-social\/wp-json\/wp\/v2\/comments?post=5671"}],"version-history":[{"count":3,"href":"https:\/\/vicerrectorias.utp.edu.co\/responsabilidad-social\/wp-json\/wp\/v2\/posts\/5671\/revisions"}],"predecessor-version":[{"id":61153,"href":"https:\/\/vicerrectorias.utp.edu.co\/responsabilidad-social\/wp-json\/wp\/v2\/posts\/5671\/revisions\/61153"}],"wp:featuredmedia":[{"embeddable":true,"href":"https:\/\/vicerrectorias.utp.edu.co\/responsabilidad-social\/wp-json\/wp\/v2\/media\/60409"}],"wp:attachment":[{"href":"https:\/\/vicerrectorias.utp.edu.co\/responsabilidad-social\/wp-json\/wp\/v2\/media?parent=5671"}],"wp:term":[{"taxonomy":"category","embeddable":true,"href":"https:\/\/vicerrectorias.utp.edu.co\/responsabilidad-social\/wp-json\/wp\/v2\/categories?post=5671"},{"taxonomy":"post_tag","embeddable":true,"href":"https:\/\/vicerrectorias.utp.edu.co\/responsabilidad-social\/wp-json\/wp\/v2\/tags?post=5671"}],"curies":[{"name":"wp","href":"https:\/\/api.w.org\/{rel}","templated":true}]}}