{"id":5631,"date":"2019-02-12T15:56:51","date_gmt":"2019-02-12T14:56:51","guid":{"rendered":""},"modified":"2024-08-20T11:31:19","modified_gmt":"2024-08-20T09:31:19","slug":"programacion-pruebas-adaptacion-jornada-nocturna","status":"publish","type":"post","link":"https:\/\/vicerrectorias.utp.edu.co\/responsabilidad-social\/programacion-pruebas-adaptacion-jornada-nocturna\/","title":{"rendered":"PROGRAMACI\u00d3N PRUEBAS ADAPTACI\u00d3N JORNADA NOCTURNA"},"content":{"rendered":"\n<p><span class=\"post-content__span\"> Las Vicerrector\u00edas Acad\u00e9mica y de Responsabilidad Social y Bienestar Universitario, informan a todos los estudiantes matriculados para el Primer Semestre del 2019-1 que ingresan por primera vez&nbsp;a la Universidad Tecnol\u00f3gica de Pereira, las fechas de inicio del Proceso de Pruebas, &nbsp;Adaptaci\u00f3n a la Vida Universitaria y Cursos&nbsp;de Ingl\u00e9s y de Matem\u00e1ticas o Espec\u00edficos del Programa Acad\u00e9mico; dichas actividades son de car\u00e1cter&nbsp;Obligatorio,&nbsp;puesto que son evaluativas y su calificaci\u00f3n representar\u00e1 la nota del semestre a cursar.<\/p>\n\n\n\n<p><span class=\"post-content__span\"> Programate!!!<\/p>\n\n\n\n<p><span class=\"post-content__span\"> <a href=\"https:\/\/vicerrectorias.utp.edu.co\/responsabilidad-social\/wp-content\/uploads\/sites\/12\/PROGRAMACION%20GRUPOS%201%20NOCTURNOS%20%281%29.xls\">https:\/\/vicerrectorias.utp.edu.co\/responsabilidad-social\/wp-content\/uploads\/sites\/12\/PROGRAMACION%20GRUPOS%201%20NOCTURNOS%20%281%29.xls<\/a><\/p>\n","protected":false},"excerpt":{"rendered":"<p>Las Vicerrector\u00edas Acad\u00e9mica y de Responsabilidad Social y Bienestar Universitario, informan a todos los estudiantes matriculados para el Primer Semestre [&hellip;]<\/p>\n","protected":false},"author":0,"featured_media":60405,"comment_status":"closed","ping_status":"closed","sticky":false,"template":"","format":"standard","meta":{"footnotes":""},"categories":[3],"tags":[],"class_list":["post-5631","post","type-post","status-publish","format-standard","has-post-thumbnail","hentry","category-noticias"],"_links":{"self":[{"href":"https:\/\/vicerrectorias.utp.edu.co\/responsabilidad-social\/wp-json\/wp\/v2\/posts\/5631","targetHints":{"allow":["GET"]}}],"collection":[{"href":"https:\/\/vicerrectorias.utp.edu.co\/responsabilidad-social\/wp-json\/wp\/v2\/posts"}],"about":[{"href":"https:\/\/vicerrectorias.utp.edu.co\/responsabilidad-social\/wp-json\/wp\/v2\/types\/post"}],"replies":[{"embeddable":true,"href":"https:\/\/vicerrectorias.utp.edu.co\/responsabilidad-social\/wp-json\/wp\/v2\/comments?post=5631"}],"version-history":[{"count":2,"href":"https:\/\/vicerrectorias.utp.edu.co\/responsabilidad-social\/wp-json\/wp\/v2\/posts\/5631\/revisions"}],"predecessor-version":[{"id":61248,"href":"https:\/\/vicerrectorias.utp.edu.co\/responsabilidad-social\/wp-json\/wp\/v2\/posts\/5631\/revisions\/61248"}],"wp:featuredmedia":[{"embeddable":true,"href":"https:\/\/vicerrectorias.utp.edu.co\/responsabilidad-social\/wp-json\/wp\/v2\/media\/60405"}],"wp:attachment":[{"href":"https:\/\/vicerrectorias.utp.edu.co\/responsabilidad-social\/wp-json\/wp\/v2\/media?parent=5631"}],"wp:term":[{"taxonomy":"category","embeddable":true,"href":"https:\/\/vicerrectorias.utp.edu.co\/responsabilidad-social\/wp-json\/wp\/v2\/categories?post=5631"},{"taxonomy":"post_tag","embeddable":true,"href":"https:\/\/vicerrectorias.utp.edu.co\/responsabilidad-social\/wp-json\/wp\/v2\/tags?post=5631"}],"curies":[{"name":"wp","href":"https:\/\/api.w.org\/{rel}","templated":true}]}}