{"id":5611,"date":"2019-02-11T11:48:02","date_gmt":"2019-02-11T10:48:02","guid":{"rendered":""},"modified":"2024-08-15T15:52:39","modified_gmt":"2024-08-15T13:52:39","slug":"programacion-pruebas-adaptacion-vida-universitaria","status":"publish","type":"post","link":"https:\/\/vicerrectorias.utp.edu.co\/responsabilidad-social\/programacion-pruebas-adaptacion-vida-universitaria\/","title":{"rendered":"PROGRAMACI\u00d3N PRUEBAS ADAPTACI\u00d3N VIDA UNIVERSITARIA"},"content":{"rendered":"\n<p><span class=\"post-content__span\"> <span>Las Vicerrector\u00edas Acad\u00e9mica y de Responsabilidad Social y Bienestar Universitario, informan a todos los estudiantes matriculados para el Primer Semestre del 2019-1 que ingresan por primera vez&nbsp;a la Universidad Tecnol\u00f3gica de Pereira, las fechas de inicio del Proceso de Pruebas, &nbsp;Adaptaci\u00f3n a la Vida Universitaria y Cursos&nbsp;de Ingl\u00e9s y de Matem\u00e1ticas o Espec\u00edficos del Programa Acad\u00e9mico; dichas actividades son de car\u00e1cter&nbsp;Obligatorio,&nbsp;puesto que son evaluativas y su calificaci\u00f3n representar\u00e1 la nota del semestre a cursar.<\/span><\/p>\n\n\n\n<p><span class=\"post-content__span\"> Programate!!!<\/p>\n\n\n\n<figure class=\"wp-block-embed\"><div class=\"wp-block-embed__wrapper\">\nhttps:\/\/vicerrectorias.utp.edu.co\/responsabilidad-social\/wp-content\/uploads\/sites\/12\/PROGRAMACION%20LISTA%201ER%20GRUPO%20A%209%20DE%20FEBRERO%281%29.xls\n<\/div><\/figure>\n\n\n\n<p><span class=\"post-content__span\"> <em>LOS OTROS PROGRAMAS NOCTURNOS DEBEN ESTAR HOY EN EL ROA A LAS 6:00 PM.<\/em><\/p>\n","protected":false},"excerpt":{"rendered":"<p>Las Vicerrector\u00edas Acad\u00e9mica y de Responsabilidad Social y Bienestar Universitario, informan a todos los estudiantes matriculados para el Primer Semestre [&hellip;]<\/p>\n","protected":false},"author":0,"featured_media":60403,"comment_status":"closed","ping_status":"closed","sticky":false,"template":"","format":"standard","meta":{"footnotes":""},"categories":[3],"tags":[],"class_list":["post-5611","post","type-post","status-publish","format-standard","has-post-thumbnail","hentry","category-noticias"],"_links":{"self":[{"href":"https:\/\/vicerrectorias.utp.edu.co\/responsabilidad-social\/wp-json\/wp\/v2\/posts\/5611","targetHints":{"allow":["GET"]}}],"collection":[{"href":"https:\/\/vicerrectorias.utp.edu.co\/responsabilidad-social\/wp-json\/wp\/v2\/posts"}],"about":[{"href":"https:\/\/vicerrectorias.utp.edu.co\/responsabilidad-social\/wp-json\/wp\/v2\/types\/post"}],"replies":[{"embeddable":true,"href":"https:\/\/vicerrectorias.utp.edu.co\/responsabilidad-social\/wp-json\/wp\/v2\/comments?post=5611"}],"version-history":[{"count":1,"href":"https:\/\/vicerrectorias.utp.edu.co\/responsabilidad-social\/wp-json\/wp\/v2\/posts\/5611\/revisions"}],"predecessor-version":[{"id":9059,"href":"https:\/\/vicerrectorias.utp.edu.co\/responsabilidad-social\/wp-json\/wp\/v2\/posts\/5611\/revisions\/9059"}],"wp:featuredmedia":[{"embeddable":true,"href":"https:\/\/vicerrectorias.utp.edu.co\/responsabilidad-social\/wp-json\/wp\/v2\/media\/60403"}],"wp:attachment":[{"href":"https:\/\/vicerrectorias.utp.edu.co\/responsabilidad-social\/wp-json\/wp\/v2\/media?parent=5611"}],"wp:term":[{"taxonomy":"category","embeddable":true,"href":"https:\/\/vicerrectorias.utp.edu.co\/responsabilidad-social\/wp-json\/wp\/v2\/categories?post=5611"},{"taxonomy":"post_tag","embeddable":true,"href":"https:\/\/vicerrectorias.utp.edu.co\/responsabilidad-social\/wp-json\/wp\/v2\/tags?post=5611"}],"curies":[{"name":"wp","href":"https:\/\/api.w.org\/{rel}","templated":true}]}}