{"id":5581,"date":"2019-02-04T14:40:52","date_gmt":"2019-02-04T13:40:52","guid":{"rendered":""},"modified":"2024-08-16T14:53:34","modified_gmt":"2024-08-16T12:53:34","slug":"fecha-pruebas-y-adaptacion-a-la-vida-universitaria","status":"publish","type":"post","link":"https:\/\/vicerrectorias.utp.edu.co\/responsabilidad-social\/fecha-pruebas-y-adaptacion-a-la-vida-universitaria\/","title":{"rendered":"Fecha Pruebas y Adaptaci\u00f3n a la Vida Universitaria"},"content":{"rendered":"\n<p><span class=\"post-content__span\"> Fechas Proceso de Pruebas y Adaptaci\u00f3n a la Vida Universitaria<\/p>\n\n\n\n<p><span class=\"post-content__span\"> <img decoding=\"async\" src=\"https:\/\/comunicaciones.utp.edu.co\/wp-content\/uploads\/sites\/2\/logo-vicerrectoria-de-responsabilidad-social-294X176.jpg\">Las Vicerrector\u00edas Acad\u00e9mica y de Responsabilidad Social y Bienestar Universitario, informan a todos los estudiantes matriculados para el Primer Semestre del 2019-1 que ingresan por primera vez&nbsp;a la Universidad Tecnol\u00f3gica de Pereira, las fechas de inicio del Proceso de Pruebas, &nbsp;Adaptaci\u00f3n a la Vida Universitaria y Cursos&nbsp;de Ingl\u00e9s y de Matem\u00e1ticas o Espec\u00edficos del Programa Acad\u00e9mico; dichas actividades son de car\u00e1cter&nbsp;Obligatorio,&nbsp;puesto que son evaluativas y su calificaci\u00f3n representar\u00e1 la nota del semestre a cursar.<\/p>\n\n\n\n<p><span class=\"post-content__span\"> <a href=\"https:\/\/www.utp.edu.co\/cms-utp\/data\/bin\/UTP\/web\/uploads\/media\/comunicaciones\/documentos\/NOTICIA-COMPLETA.pdf\">Ver informaci\u00f3n completa<\/a><\/p>\n\n\n\n<p><span class=\"post-content__span\"> <a href=\"https:\/\/www.utp.edu.co\/cms-utp\/data\/bin\/UTP\/web\/uploads\/media\/comunicaciones\/documentos\/CRONOGRAMA-GRUPO-1.pdf\">Ver Cronograma grupo 1<\/a><\/p>\n\n\n\n<p><span class=\"post-content__span\"> <a href=\"https:\/\/www.utp.edu.co\/cms-utp\/data\/bin\/UTP\/web\/uploads\/media\/comunicaciones\/documentos\/CRONOGRAMA-GRUPO-2.pdf\">Ver Cronograma grupo 2<\/a><\/p>\n\n\n\n<p><span class=\"post-content__span\"> <a href=\"https:\/\/www.utp.edu.co\/cms-utp\/data\/bin\/UTP\/web\/uploads\/media\/comunicaciones\/documentos\/NOTICIA-COMPLETA.pdf\">https:\/\/www.utp.edu.co\/cms-utp\/data\/bin\/UTP\/web\/uploads\/media\/comunicaciones\/documentos\/NOTICIA-COMPLETA.pdf<\/a><\/p>\n","protected":false},"excerpt":{"rendered":"<p>Fechas Proceso de Pruebas y Adaptaci\u00f3n a la Vida Universitaria Las Vicerrector\u00edas Acad\u00e9mica y de Responsabilidad Social y Bienestar Universitario, [&hellip;]<\/p>\n","protected":false},"author":0,"featured_media":60400,"comment_status":"closed","ping_status":"closed","sticky":false,"template":"","format":"standard","meta":{"footnotes":""},"categories":[3],"tags":[],"class_list":["post-5581","post","type-post","status-publish","format-standard","has-post-thumbnail","hentry","category-noticias"],"_links":{"self":[{"href":"https:\/\/vicerrectorias.utp.edu.co\/responsabilidad-social\/wp-json\/wp\/v2\/posts\/5581","targetHints":{"allow":["GET"]}}],"collection":[{"href":"https:\/\/vicerrectorias.utp.edu.co\/responsabilidad-social\/wp-json\/wp\/v2\/posts"}],"about":[{"href":"https:\/\/vicerrectorias.utp.edu.co\/responsabilidad-social\/wp-json\/wp\/v2\/types\/post"}],"replies":[{"embeddable":true,"href":"https:\/\/vicerrectorias.utp.edu.co\/responsabilidad-social\/wp-json\/wp\/v2\/comments?post=5581"}],"version-history":[{"count":3,"href":"https:\/\/vicerrectorias.utp.edu.co\/responsabilidad-social\/wp-json\/wp\/v2\/posts\/5581\/revisions"}],"predecessor-version":[{"id":61014,"href":"https:\/\/vicerrectorias.utp.edu.co\/responsabilidad-social\/wp-json\/wp\/v2\/posts\/5581\/revisions\/61014"}],"wp:featuredmedia":[{"embeddable":true,"href":"https:\/\/vicerrectorias.utp.edu.co\/responsabilidad-social\/wp-json\/wp\/v2\/media\/60400"}],"wp:attachment":[{"href":"https:\/\/vicerrectorias.utp.edu.co\/responsabilidad-social\/wp-json\/wp\/v2\/media?parent=5581"}],"wp:term":[{"taxonomy":"category","embeddable":true,"href":"https:\/\/vicerrectorias.utp.edu.co\/responsabilidad-social\/wp-json\/wp\/v2\/categories?post=5581"},{"taxonomy":"post_tag","embeddable":true,"href":"https:\/\/vicerrectorias.utp.edu.co\/responsabilidad-social\/wp-json\/wp\/v2\/tags?post=5581"}],"curies":[{"name":"wp","href":"https:\/\/api.w.org\/{rel}","templated":true}]}}