{"id":5571,"date":"2019-02-04T14:25:14","date_gmt":"2019-02-04T13:25:14","guid":{"rendered":""},"modified":"2024-08-16T09:13:37","modified_gmt":"2024-08-16T07:13:37","slug":"convocatoria-audiciones-orquesta-sinfonica-utp","status":"publish","type":"post","link":"https:\/\/vicerrectorias.utp.edu.co\/responsabilidad-social\/convocatoria-audiciones-orquesta-sinfonica-utp\/","title":{"rendered":"Convocatoria audiciones: Orquesta Sinf\u00f3nica UTP"},"content":{"rendered":"\n<p><span class=\"post-content__span\"> Convocatoria audiciones: Orquesta Sinf\u00f3nica UTP<\/p>\n\n\n\n<p><span class=\"post-content__span\"> <img decoding=\"async\" src=\"https:\/\/comunicaciones.utp.edu.co\/wp-content\/uploads\/sites\/2\/logo-vicerrectoria-de-responsabilidad-social-294X176.jpg\">Se comparte informaci\u00f3n sobre la&nbsp;Audici\u00f3n&nbsp;2019-I de la Orquesta&nbsp;Sinf\u00f3nica&nbsp;UTP.<\/p>\n\n\n\n<p><span class=\"post-content__span\"> <strong>La Vicerrector\u00eda de Responsabilidad Social y Bienestar Universitario<\/strong><\/p>\n\n\n\n<p><span class=\"post-content__span\"> <strong>Y la Facultad de Bellas Artes y Humanidades &#8211; UTP<\/strong><\/p>\n\n\n\n<p><span class=\"post-content__span\"> <strong>CONVOCATORIA AUDICIONES<\/strong><\/p>\n\n\n\n<p><span class=\"post-content__span\"> <strong>Orquesta Sinf\u00f3nica UTP<\/strong><\/p>\n\n\n\n<p><span class=\"post-content__span\"> <strong>Director Leopoldo L\u00f3pez Gonz\u00e1lez<\/strong><\/p>\n\n\n\n<p><span class=\"post-content__span\"> <strong>M\u00daSICOS EXTERNOS:&nbsp;<\/strong>5 vacantes<\/p>\n\n\n\n<p><span class=\"post-content__span\"> Viol\u00ednes<\/p>\n\n\n\n<p><span class=\"post-content__span\"> Viola<\/p>\n\n\n\n<p><span class=\"post-content__span\"> Violonchelo<\/p>\n\n\n\n<p><span class=\"post-content__span\"> Oboe<\/p>\n\n\n\n<p><span class=\"post-content__span\"> Fagot<\/p>\n\n\n\n<p><span class=\"post-content__span\"> <strong>ESTUDIANTES CON POSIBILIDAD DE OSTENTAR MONITOR\u00cdA Y ASISTENTES \u2013 INVITADOS:<\/strong><\/p>\n\n\n\n<p><span class=\"post-content__span\"> Clarinete<\/p>\n\n\n\n<p><span class=\"post-content__span\"> Fagot<\/p>\n\n\n\n<p><span class=\"post-content__span\"> Corno franc\u00e9s<\/p>\n\n\n\n<p><span class=\"post-content__span\"> Trompeta<\/p>\n\n\n\n<p><span class=\"post-content__span\"> Percusi\u00f3n<\/p>\n\n\n\n<p><span class=\"post-content__span\"> Cuerdas<\/p>\n\n\n\n<p><span class=\"post-content__span\"> <strong>Fecha de Audici\u00f3n<\/strong><\/p>\n\n\n\n<p><span class=\"post-content__span\"> Mi\u00e9rcoles 06 de febrero de 2019 \/ H \u2013 Auditorio Bellas Artes de Risaralda<\/p>\n\n\n\n<p><span class=\"post-content__span\"> Universidad Tecnol\u00f3gica de Pereira \u2013 Bloque 12<\/p>\n\n\n\n<p><span class=\"post-content__span\"> Inicio: 5:00 pm<\/p>\n\n\n\n<p><span class=\"post-content__span\"> \u266b Repertorio a audicionar<strong>:&nbsp;<\/strong><\/p>\n\n\n\n<p><span class=\"post-content__span\"> <strong>VIOLINES<\/strong><\/p>\n\n\n\n<p><span class=\"post-content__span\"> Primer movimiento de uno de los siguientes conciertos con cadencia: W. A. Mozart 3, 4 o 5.<\/p>\n\n\n\n<p><span class=\"post-content__span\"> (Sin cadencia para los estudiantes)<\/p>\n\n\n\n<p><span class=\"post-content__span\"> Dos movimientos contrastes de alguna de las sonatas de Bach<\/p>\n\n\n\n<p><span class=\"post-content__span\"> Pasajes orquestales:<\/p>\n\n\n\n<ul class=\"wp-block-list\">\n<li>J. Brahms sinfon\u00eda 3. I Movimiento desde 3 antes de letra K hasta el final del mismo.<\/li>\n\n\n\n<li>G. Mahler. Sinfon\u00eda No. 1, 4to movimiento desde el comienzo hasta n\u00famero 19.<\/li>\n<\/ul>\n\n\n\n<p><span class=\"post-content__span\"> <strong>VIOLA<\/strong><\/p>\n\n\n\n<p><span class=\"post-content__span\"> J. S. Bach Dos movimientos contrastes de una de las sonatas o partitas para viol\u00edn solo (versi\u00f3n para viola) o de las suites para violonchelo solo (versi\u00f3n para viola)<\/p>\n\n\n\n<p><span class=\"post-content__span\"> Pasajes Orquestales:<\/p>\n\n\n\n<ul class=\"wp-block-list\">\n<li>D. Shostakovich sinfon\u00eda 5. I Movimiento desde el n\u00famero 15 hasta el N\u00ba 17. Desde el n\u00famero 32 hasta el 35<\/li>\n\n\n\n<li>P. I. Tchaikowsky sinfon\u00eda N\u00ba 6. I Movimiento, comienzo hasta el Adagio.<\/li>\n<\/ul>\n\n\n\n<p><span class=\"post-content__span\"> <strong>&nbsp;VIOLONCELLO<\/strong><\/p>\n\n\n\n<p><span class=\"post-content__span\"> Primer movimiento con cadencia de uno de los siguientes conciertos: Haydn concierto en C mayor o concierto en D mayor (S\u00f3lo los externos)<\/p>\n\n\n\n<p><span class=\"post-content__span\"> J. S. Bach. Dos movimientos contrastantes de alguna de sus suites para cello<\/p>\n\n\n\n<p><span class=\"post-content__span\"> Pasajes orquestales:<\/p>\n\n\n\n<ul class=\"wp-block-list\">\n<li>F. Mendelssohn. Sue\u00f1o de una noche de verano. Scherzo de la letra C a la D<\/li>\n\n\n\n<li>G. Mahler 5ta sinfon\u00eda III movimiento (Adagietto)<\/li>\n<\/ul>\n\n\n\n<p><span class=\"post-content__span\"> <strong>CONTRABAJO<\/strong><\/p>\n\n\n\n<p><span class=\"post-content__span\"> Un movimiento lento y uno r\u00e1pido de uno de los siguientes conciertos:<\/p>\n\n\n\n<p><span class=\"post-content__span\"> 1. K Ditersdorf<\/p>\n\n\n\n<p><span class=\"post-content__span\"> 2. S kowssevitzky<\/p>\n\n\n\n<p><span class=\"post-content__span\"> 3. G Bottesini<\/p>\n\n\n\n<p><span class=\"post-content__span\"> 4. Suite Bach<\/p>\n\n\n\n<p><span class=\"post-content__span\"> Pasajes orquestales:<\/p>\n\n\n\n<ul class=\"wp-block-list\">\n<li>Sinfon\u00eda 9 de Beethoven Recitativo final de la<\/li>\n\n\n\n<li>\u00a0Sinfon\u00eda 9 de Beethoven Letra M<\/li>\n<\/ul>\n\n\n\n<p><span class=\"post-content__span\"> <strong>OBOE<\/strong><\/p>\n\n\n\n<p><span class=\"post-content__span\"> 1er mov concierto de Strauss o del concierto de Martinu.<\/p>\n\n\n\n<p><span class=\"post-content__span\"> 2\u00ba mov concierto Marcello<\/p>\n\n\n\n<p><span class=\"post-content__span\"> Pasajes orquestales:<\/p>\n\n\n\n<ul class=\"wp-block-list\">\n<li>5\u00aa sinfon\u00eda tchaikovsky<\/li>\n\n\n\n<li>3\u00aa sinfon\u00eda Beethoven<\/li>\n<\/ul>\n\n\n\n<p><span class=\"post-content__span\"> Primera vista<\/p>\n\n\n\n<p><span class=\"post-content__span\"> <strong>FAGOT<\/strong><\/p>\n\n\n\n<p><span class=\"post-content__span\"> 1\u00ba mov concierto Mozart<\/p>\n\n\n\n<p><span class=\"post-content__span\"> 2\u00ba mov sonata en f min TWV 41 Telemann<\/p>\n\n\n\n<p><span class=\"post-content__span\"> Pasajes orquestales:<\/p>\n\n\n\n<ul class=\"wp-block-list\">\n<li>Bolero Ravel<\/li>\n\n\n\n<li>Obertura bodas f\u00edgaro Mozart<\/li>\n<\/ul>\n\n\n\n<p><span class=\"post-content__span\"> Primera vista<\/p>\n\n\n\n<p><span class=\"post-content__span\"> <strong>CLARINETE<\/strong><\/p>\n\n\n\n<p><span class=\"post-content__span\"> Solo concours de Messager<\/p>\n\n\n\n<p><span class=\"post-content__span\"> Pasajes orquestales:<\/p>\n\n\n\n<ul class=\"wp-block-list\">\n<li>5a sinfon\u00eda Tchaikovsky intro<\/li>\n\n\n\n<li>Danzas de Galanta de Kodaly<\/li>\n<\/ul>\n\n\n\n<p><span class=\"post-content__span\"> Primera vista<\/p>\n\n\n\n<p><span class=\"post-content__span\"> <strong>CORNO FRANC\u00c9S<\/strong><\/p>\n\n\n\n<p><span class=\"post-content__span\"> Obra:<\/p>\n\n\n\n<p><span class=\"post-content__span\"> 1er mov concierto #4 de Mozart<\/p>\n\n\n\n<p><span class=\"post-content__span\"> Pasajes orquestales:<\/p>\n\n\n\n<ul class=\"wp-block-list\">\n<li>Beethoven 7ma Sinfon\u00eda<\/li>\n\n\n\n<li>Tchaikovsky 5ta Sinfon\u00eda<\/li>\n\n\n\n<li>Mahler 5ta Sinfon\u00eda<\/li>\n<\/ul>\n\n\n\n<p><span class=\"post-content__span\"> <strong>TROMPETA<\/strong><\/p>\n\n\n\n<p><span class=\"post-content__span\"> Concierto de Haydn, un movimiento r\u00e1pido y uno lento<\/p>\n\n\n\n<p><span class=\"post-content__span\"> Pasajes orquestales:<\/p>\n\n\n\n<ul class=\"wp-block-list\">\n<li>Mahler 5ta Sinfon\u00eda Intro<\/li>\n\n\n\n<li>Mousorgsky \u201cCuadros de una Exposici\u00f3n\u201d, Promenade<\/li>\n<\/ul>\n\n\n\n<p><span class=\"post-content__span\"> <strong>PERCUSI\u00d3N<\/strong><\/p>\n\n\n\n<p><span class=\"post-content__span\"> 1-REDOBLANTE:<\/p>\n\n\n\n<p><span class=\"post-content__span\"> A) RAVEL Bolero, Completo.&nbsp;&nbsp;&nbsp;&nbsp;&nbsp;&nbsp;&nbsp;&nbsp;&nbsp;&nbsp;&nbsp;&nbsp;&nbsp;&nbsp;&nbsp;&nbsp;&nbsp;&nbsp;&nbsp;&nbsp;&nbsp;&nbsp;&nbsp;&nbsp;&nbsp;&nbsp;&nbsp;&nbsp;&nbsp;<\/p>\n\n\n\n<p><span class=\"post-content__span\"> b) KORSAKOV Scheherezade, desde la letra P hasta la letra U.&nbsp;&nbsp;&nbsp;&nbsp;&nbsp;&nbsp;&nbsp;&nbsp;&nbsp;&nbsp;&nbsp;&nbsp;<\/p>\n\n\n\n<p><span class=\"post-content__span\"> c) 5\u201d Redoble cerrado pp, 5\u201d Redoble cerrado ff y 10 \u201c cresc y decresc.<\/p>\n\n\n\n<p><span class=\"post-content__span\"> 2-XIL\u00d3FONO Y GLOCK&nbsp;&nbsp;&nbsp;&nbsp;&nbsp;&nbsp;&nbsp;&nbsp;&nbsp;&nbsp;&nbsp;&nbsp;&nbsp;&nbsp;&nbsp;&nbsp;&nbsp;&nbsp;&nbsp;&nbsp;<\/p>\n\n\n\n<p><span class=\"post-content__span\"> a) GERSHWIN Porgy and Bess. # 13 al 17.&nbsp;&nbsp;&nbsp;&nbsp;&nbsp;&nbsp;&nbsp;&nbsp;&nbsp;&nbsp;&nbsp;&nbsp;&nbsp;&nbsp;&nbsp;&nbsp;&nbsp;&nbsp;<\/p>\n\n\n\n<p><span class=\"post-content__span\"> b) P. DUKAS El Aprendiz de Brujo. 17 al 24<\/p>\n\n\n\n<p><span class=\"post-content__span\"> 3- PANDERETA:<\/p>\n\n\n\n<p><span class=\"post-content__span\"> a) DVORAK obertura Carnaval. Completa<\/p>\n\n\n\n<p><span class=\"post-content__span\"> 4- PLATILLOS Y BOMBO.&nbsp;&nbsp;&nbsp;&nbsp;&nbsp;<\/p>\n\n\n\n<p><span class=\"post-content__span\"> a) TCHAIKOVSKY Romeo y Julieta. E, O, T.&nbsp;&nbsp;&nbsp;&nbsp;&nbsp;&nbsp;&nbsp;&nbsp;&nbsp;&nbsp;&nbsp;&nbsp;&nbsp;&nbsp;&nbsp;&nbsp;&nbsp;<\/p>\n\n\n\n<p><span class=\"post-content__span\"> b) TCHAIKOVSKY Nr 4, 270 a 292.<\/p>\n\n\n\n<p><span class=\"post-content__span\"> 5- INSTRUMENTOS COLOMBIANOS Y LATINOS.<\/p>\n\n\n\n<p><span class=\"post-content__span\"> Por favor indicar en la inscripci\u00f3n que instrumentos interpreta, se verificar\u00e1 su ejecuci\u00f3n.<\/p>\n\n\n\n<p><span class=\"post-content__span\"> <strong>Inscripciones<\/strong>: a trav\u00e9s del correo electr\u00f3nico:<\/p>\n\n\n\n<p><span class=\"post-content__span\"> <a href=\"mailto:auditoriadeservicios@utp.edu.co\" target=\"_blank\" rel=\"noreferrer noopener\">auditoriadeservicios@utp.edu.co<\/a><\/p>\n\n\n\n<p><span class=\"post-content__span\"> <strong>Contactos e informes:<\/strong><\/p>\n\n\n\n<p><span class=\"post-content__span\"> Vicerrector\u00eda de Responsabilidad Social y Bienestar Universitario,<\/p>\n\n\n\n<p><span class=\"post-content__span\"> &nbsp;Oficina 2-210, UTP Pereira \/Colombia<\/p>\n","protected":false},"excerpt":{"rendered":"<p>Convocatoria audiciones: Orquesta Sinf\u00f3nica UTP Se comparte informaci\u00f3n sobre la&nbsp;Audici\u00f3n&nbsp;2019-I de la Orquesta&nbsp;Sinf\u00f3nica&nbsp;UTP. La Vicerrector\u00eda de Responsabilidad Social y Bienestar [&hellip;]<\/p>\n","protected":false},"author":0,"featured_media":60399,"comment_status":"closed","ping_status":"closed","sticky":false,"template":"","format":"standard","meta":{"footnotes":""},"categories":[3],"tags":[],"class_list":["post-5571","post","type-post","status-publish","format-standard","has-post-thumbnail","hentry","category-noticias"],"_links":{"self":[{"href":"https:\/\/vicerrectorias.utp.edu.co\/responsabilidad-social\/wp-json\/wp\/v2\/posts\/5571","targetHints":{"allow":["GET"]}}],"collection":[{"href":"https:\/\/vicerrectorias.utp.edu.co\/responsabilidad-social\/wp-json\/wp\/v2\/posts"}],"about":[{"href":"https:\/\/vicerrectorias.utp.edu.co\/responsabilidad-social\/wp-json\/wp\/v2\/types\/post"}],"replies":[{"embeddable":true,"href":"https:\/\/vicerrectorias.utp.edu.co\/responsabilidad-social\/wp-json\/wp\/v2\/comments?post=5571"}],"version-history":[{"count":2,"href":"https:\/\/vicerrectorias.utp.edu.co\/responsabilidad-social\/wp-json\/wp\/v2\/posts\/5571\/revisions"}],"predecessor-version":[{"id":60887,"href":"https:\/\/vicerrectorias.utp.edu.co\/responsabilidad-social\/wp-json\/wp\/v2\/posts\/5571\/revisions\/60887"}],"wp:featuredmedia":[{"embeddable":true,"href":"https:\/\/vicerrectorias.utp.edu.co\/responsabilidad-social\/wp-json\/wp\/v2\/media\/60399"}],"wp:attachment":[{"href":"https:\/\/vicerrectorias.utp.edu.co\/responsabilidad-social\/wp-json\/wp\/v2\/media?parent=5571"}],"wp:term":[{"taxonomy":"category","embeddable":true,"href":"https:\/\/vicerrectorias.utp.edu.co\/responsabilidad-social\/wp-json\/wp\/v2\/categories?post=5571"},{"taxonomy":"post_tag","embeddable":true,"href":"https:\/\/vicerrectorias.utp.edu.co\/responsabilidad-social\/wp-json\/wp\/v2\/tags?post=5571"}],"curies":[{"name":"wp","href":"https:\/\/api.w.org\/{rel}","templated":true}]}}