{"id":5551,"date":"2019-01-28T10:19:08","date_gmt":"2019-01-28T09:19:08","guid":{"rendered":""},"modified":"2024-08-15T15:52:40","modified_gmt":"2024-08-15T13:52:40","slug":"consultas-medico-de-coomeva","status":"publish","type":"post","link":"https:\/\/vicerrectorias.utp.edu.co\/responsabilidad-social\/consultas-medico-de-coomeva\/","title":{"rendered":"Consultas m\u00e9dico de Coomeva"},"content":{"rendered":"\n<p><span class=\"post-content__span\"> La Vicerrector\u00eda de Responsabilidad Social y Bienestar Universitario, informa que el horario del&nbsp;<strong>MEDICO EMPRESARIAL DE COOMEVA PARA EMPLEADOS Y DOCENTES&nbsp;<\/strong>afiliados a esta EPS, durante el presente a\u00f1o ser\u00e1 los d\u00edas lunes de 11:00&nbsp;a.m. a 1:30 p.m. con citas cada 20 minutos.<\/p>\n\n\n\n<p><span class=\"post-content__span\"> <span>Las citas se solicitan con el Funcionario Diego Jaramillo, de manera presencial en la Oficina 105 Edificio 2 o en la extensi\u00f3n 7276.<\/span><\/p>\n\n\n\n<p><span class=\"post-content__span\"> <span>El inicio de las citas ser\u00e1 el d\u00eda lunes 21 de enero, por favor fomentemos el uso de este servicio para que lo podamos mantener.<\/span><\/p>\n","protected":false},"excerpt":{"rendered":"<p>La Vicerrector\u00eda de Responsabilidad Social y Bienestar Universitario, informa que el horario del&nbsp;MEDICO EMPRESARIAL DE COOMEVA PARA EMPLEADOS Y DOCENTES&nbsp;afiliados [&hellip;]<\/p>\n","protected":false},"author":0,"featured_media":60397,"comment_status":"closed","ping_status":"closed","sticky":false,"template":"","format":"standard","meta":{"footnotes":""},"categories":[3],"tags":[],"class_list":["post-5551","post","type-post","status-publish","format-standard","has-post-thumbnail","hentry","category-noticias"],"_links":{"self":[{"href":"https:\/\/vicerrectorias.utp.edu.co\/responsabilidad-social\/wp-json\/wp\/v2\/posts\/5551","targetHints":{"allow":["GET"]}}],"collection":[{"href":"https:\/\/vicerrectorias.utp.edu.co\/responsabilidad-social\/wp-json\/wp\/v2\/posts"}],"about":[{"href":"https:\/\/vicerrectorias.utp.edu.co\/responsabilidad-social\/wp-json\/wp\/v2\/types\/post"}],"replies":[{"embeddable":true,"href":"https:\/\/vicerrectorias.utp.edu.co\/responsabilidad-social\/wp-json\/wp\/v2\/comments?post=5551"}],"version-history":[{"count":1,"href":"https:\/\/vicerrectorias.utp.edu.co\/responsabilidad-social\/wp-json\/wp\/v2\/posts\/5551\/revisions"}],"predecessor-version":[{"id":9070,"href":"https:\/\/vicerrectorias.utp.edu.co\/responsabilidad-social\/wp-json\/wp\/v2\/posts\/5551\/revisions\/9070"}],"wp:featuredmedia":[{"embeddable":true,"href":"https:\/\/vicerrectorias.utp.edu.co\/responsabilidad-social\/wp-json\/wp\/v2\/media\/60397"}],"wp:attachment":[{"href":"https:\/\/vicerrectorias.utp.edu.co\/responsabilidad-social\/wp-json\/wp\/v2\/media?parent=5551"}],"wp:term":[{"taxonomy":"category","embeddable":true,"href":"https:\/\/vicerrectorias.utp.edu.co\/responsabilidad-social\/wp-json\/wp\/v2\/categories?post=5551"},{"taxonomy":"post_tag","embeddable":true,"href":"https:\/\/vicerrectorias.utp.edu.co\/responsabilidad-social\/wp-json\/wp\/v2\/tags?post=5551"}],"curies":[{"name":"wp","href":"https:\/\/api.w.org\/{rel}","templated":true}]}}