{"id":5451,"date":"2018-11-19T11:39:51","date_gmt":"2018-11-19T10:39:51","guid":{"rendered":""},"modified":"2024-08-15T15:52:40","modified_gmt":"2024-08-15T13:52:40","slug":"tarjeta-invitacion-dia-de-los-ninos-2018","status":"publish","type":"post","link":"https:\/\/vicerrectorias.utp.edu.co\/responsabilidad-social\/tarjeta-invitacion-dia-de-los-ninos-2018\/","title":{"rendered":"Tarjeta invitacion D\u00eda de los Ni\u00f1os 2018"},"content":{"rendered":"\n<p><span class=\"post-content__span\"> <span>A continuaci\u00f3n se comparte circular para la realizaci\u00f3n de la actividad institucional de integraci\u00f3n de los hijos de los funcionarios de la UTP. Se encuentran abiertas las inscripciones a partir del viernes 9 de noviembre y hasta el martes 20 de noviembre de 2018, para ni\u00f1os entre 0 y 10 a\u00f1os,&nbsp;<\/span><a href=\"https:\/\/www.utp.edu.co\/cms-utp\/data\/bin\/UTP\/web\/uploads\/media\/comunicaciones\/documentos\/Circular-fin-de-ano-integracion-ninos-2018.pdf\">ver circular<\/a><span>.<\/span><\/p>\n","protected":false},"excerpt":{"rendered":"<p>A continuaci\u00f3n se comparte circular para la realizaci\u00f3n de la actividad institucional de integraci\u00f3n de los hijos de los funcionarios [&hellip;]<\/p>\n","protected":false},"author":0,"featured_media":60391,"comment_status":"closed","ping_status":"closed","sticky":false,"template":"","format":"standard","meta":{"footnotes":""},"categories":[3],"tags":[],"class_list":["post-5451","post","type-post","status-publish","format-standard","has-post-thumbnail","hentry","category-noticias"],"_links":{"self":[{"href":"https:\/\/vicerrectorias.utp.edu.co\/responsabilidad-social\/wp-json\/wp\/v2\/posts\/5451","targetHints":{"allow":["GET"]}}],"collection":[{"href":"https:\/\/vicerrectorias.utp.edu.co\/responsabilidad-social\/wp-json\/wp\/v2\/posts"}],"about":[{"href":"https:\/\/vicerrectorias.utp.edu.co\/responsabilidad-social\/wp-json\/wp\/v2\/types\/post"}],"replies":[{"embeddable":true,"href":"https:\/\/vicerrectorias.utp.edu.co\/responsabilidad-social\/wp-json\/wp\/v2\/comments?post=5451"}],"version-history":[{"count":1,"href":"https:\/\/vicerrectorias.utp.edu.co\/responsabilidad-social\/wp-json\/wp\/v2\/posts\/5451\/revisions"}],"predecessor-version":[{"id":9079,"href":"https:\/\/vicerrectorias.utp.edu.co\/responsabilidad-social\/wp-json\/wp\/v2\/posts\/5451\/revisions\/9079"}],"wp:featuredmedia":[{"embeddable":true,"href":"https:\/\/vicerrectorias.utp.edu.co\/responsabilidad-social\/wp-json\/wp\/v2\/media\/60391"}],"wp:attachment":[{"href":"https:\/\/vicerrectorias.utp.edu.co\/responsabilidad-social\/wp-json\/wp\/v2\/media?parent=5451"}],"wp:term":[{"taxonomy":"category","embeddable":true,"href":"https:\/\/vicerrectorias.utp.edu.co\/responsabilidad-social\/wp-json\/wp\/v2\/categories?post=5451"},{"taxonomy":"post_tag","embeddable":true,"href":"https:\/\/vicerrectorias.utp.edu.co\/responsabilidad-social\/wp-json\/wp\/v2\/tags?post=5451"}],"curies":[{"name":"wp","href":"https:\/\/api.w.org\/{rel}","templated":true}]}}