{"id":5421,"date":"2018-11-13T10:56:24","date_gmt":"2018-11-13T09:56:24","guid":{"rendered":""},"modified":"2024-08-20T09:26:52","modified_gmt":"2024-08-20T07:26:52","slug":"integracion-familia-docentes-y-administrativos-utp","status":"publish","type":"post","link":"https:\/\/vicerrectorias.utp.edu.co\/responsabilidad-social\/integracion-familia-docentes-y-administrativos-utp\/","title":{"rendered":"Integraci\u00f3n familia docentes y administrativos UTP"},"content":{"rendered":"\n<p><span class=\"post-content__span\"> Circular integraci\u00f3n familias docentes y administrativos UTP 2018<\/p>\n\n\n\n<p><span class=\"post-content__span\"> <img decoding=\"async\" src=\"https:\/\/comunicaciones.utp.edu.co\/wp-content\/uploads\/sites\/2\/Logo-nuevo-Vicerrectoria-de-Responsabilidad-Social-y-Bienestar-Universitario-294-x176.jpg\">A continuaci\u00f3n se comparte circular para la realizaci\u00f3n de la actividad institucional de integraci\u00f3n de los hijos de los funcionarios de la UTP. Se encuentran abiertas las inscripciones a partir del viernes 9 de noviembre y hasta el martes 20 de noviembre de 2018, para ni\u00f1os entre 0 y 10 a\u00f1os,&nbsp;<a href=\"https:\/\/www.utp.edu.co\/cms-utp\/data\/bin\/UTP\/web\/uploads\/media\/comunicaciones\/documentos\/Circular-fin-de-ano-integracion-ninos-2018.pdf\">ver circular<\/a>.<\/p>\n","protected":false},"excerpt":{"rendered":"<p>Circular integraci\u00f3n familias docentes y administrativos UTP 2018 A continuaci\u00f3n se comparte circular para la realizaci\u00f3n de la actividad institucional [&hellip;]<\/p>\n","protected":false},"author":0,"featured_media":60388,"comment_status":"closed","ping_status":"closed","sticky":false,"template":"","format":"standard","meta":{"footnotes":""},"categories":[3],"tags":[],"class_list":["post-5421","post","type-post","status-publish","format-standard","has-post-thumbnail","hentry","category-noticias"],"_links":{"self":[{"href":"https:\/\/vicerrectorias.utp.edu.co\/responsabilidad-social\/wp-json\/wp\/v2\/posts\/5421","targetHints":{"allow":["GET"]}}],"collection":[{"href":"https:\/\/vicerrectorias.utp.edu.co\/responsabilidad-social\/wp-json\/wp\/v2\/posts"}],"about":[{"href":"https:\/\/vicerrectorias.utp.edu.co\/responsabilidad-social\/wp-json\/wp\/v2\/types\/post"}],"replies":[{"embeddable":true,"href":"https:\/\/vicerrectorias.utp.edu.co\/responsabilidad-social\/wp-json\/wp\/v2\/comments?post=5421"}],"version-history":[{"count":2,"href":"https:\/\/vicerrectorias.utp.edu.co\/responsabilidad-social\/wp-json\/wp\/v2\/posts\/5421\/revisions"}],"predecessor-version":[{"id":61145,"href":"https:\/\/vicerrectorias.utp.edu.co\/responsabilidad-social\/wp-json\/wp\/v2\/posts\/5421\/revisions\/61145"}],"wp:featuredmedia":[{"embeddable":true,"href":"https:\/\/vicerrectorias.utp.edu.co\/responsabilidad-social\/wp-json\/wp\/v2\/media\/60388"}],"wp:attachment":[{"href":"https:\/\/vicerrectorias.utp.edu.co\/responsabilidad-social\/wp-json\/wp\/v2\/media?parent=5421"}],"wp:term":[{"taxonomy":"category","embeddable":true,"href":"https:\/\/vicerrectorias.utp.edu.co\/responsabilidad-social\/wp-json\/wp\/v2\/categories?post=5421"},{"taxonomy":"post_tag","embeddable":true,"href":"https:\/\/vicerrectorias.utp.edu.co\/responsabilidad-social\/wp-json\/wp\/v2\/tags?post=5421"}],"curies":[{"name":"wp","href":"https:\/\/api.w.org\/{rel}","templated":true}]}}