{"id":5401,"date":"2018-11-07T11:25:33","date_gmt":"2018-11-07T10:25:33","guid":{"rendered":""},"modified":"2024-08-15T15:52:40","modified_gmt":"2024-08-15T13:52:40","slug":"quieres-saber-en-que-va-la-situacion-de-la-utp","status":"publish","type":"post","link":"https:\/\/vicerrectorias.utp.edu.co\/responsabilidad-social\/quieres-saber-en-que-va-la-situacion-de-la-utp\/","title":{"rendered":"Quieres saber en que va la situaci\u00f3n de la UTP?"},"content":{"rendered":"\n<p><span class=\"post-content__span\"> <span>Se invita a Madres, Padres y\/o Acudientes, a reuni\u00f3n el d\u00eda de&nbsp;<\/span><em><strong>Hoy Mi\u00e9rcoles 7 de noviembre a las 7 pm en el Auditorio de Mec\u00e1nica;<\/strong><\/em><span>&nbsp;estar\u00e1n representantes de los estudiantes y de la Administraci\u00f3n.<\/span><\/p>\n\n\n\n<figure class=\"wp-block-image\"><img decoding=\"async\" src=\"https:\/\/vicerrectorias.utp.edu.co\/responsabilidad-social\/wp-content\/uploads\/sites\/12\/Invitacion%20Reunion%20Padres%20de%20Flia.jpg\" alt=\"\"\/><\/figure>\n","protected":false},"excerpt":{"rendered":"<p>Se invita a Madres, Padres y\/o Acudientes, a reuni\u00f3n el d\u00eda de&nbsp;Hoy Mi\u00e9rcoles 7 de noviembre a las 7 pm [&hellip;]<\/p>\n","protected":false},"author":0,"featured_media":60386,"comment_status":"closed","ping_status":"closed","sticky":false,"template":"","format":"standard","meta":{"footnotes":""},"categories":[3],"tags":[],"class_list":["post-5401","post","type-post","status-publish","format-standard","has-post-thumbnail","hentry","category-noticias"],"_links":{"self":[{"href":"https:\/\/vicerrectorias.utp.edu.co\/responsabilidad-social\/wp-json\/wp\/v2\/posts\/5401","targetHints":{"allow":["GET"]}}],"collection":[{"href":"https:\/\/vicerrectorias.utp.edu.co\/responsabilidad-social\/wp-json\/wp\/v2\/posts"}],"about":[{"href":"https:\/\/vicerrectorias.utp.edu.co\/responsabilidad-social\/wp-json\/wp\/v2\/types\/post"}],"replies":[{"embeddable":true,"href":"https:\/\/vicerrectorias.utp.edu.co\/responsabilidad-social\/wp-json\/wp\/v2\/comments?post=5401"}],"version-history":[{"count":1,"href":"https:\/\/vicerrectorias.utp.edu.co\/responsabilidad-social\/wp-json\/wp\/v2\/posts\/5401\/revisions"}],"predecessor-version":[{"id":9084,"href":"https:\/\/vicerrectorias.utp.edu.co\/responsabilidad-social\/wp-json\/wp\/v2\/posts\/5401\/revisions\/9084"}],"wp:featuredmedia":[{"embeddable":true,"href":"https:\/\/vicerrectorias.utp.edu.co\/responsabilidad-social\/wp-json\/wp\/v2\/media\/60386"}],"wp:attachment":[{"href":"https:\/\/vicerrectorias.utp.edu.co\/responsabilidad-social\/wp-json\/wp\/v2\/media?parent=5401"}],"wp:term":[{"taxonomy":"category","embeddable":true,"href":"https:\/\/vicerrectorias.utp.edu.co\/responsabilidad-social\/wp-json\/wp\/v2\/categories?post=5401"},{"taxonomy":"post_tag","embeddable":true,"href":"https:\/\/vicerrectorias.utp.edu.co\/responsabilidad-social\/wp-json\/wp\/v2\/tags?post=5401"}],"curies":[{"name":"wp","href":"https:\/\/api.w.org\/{rel}","templated":true}]}}