{"id":5391,"date":"2018-11-06T11:14:12","date_gmt":"2018-11-06T10:14:12","guid":{"rendered":""},"modified":"2024-08-20T10:31:46","modified_gmt":"2024-08-20T08:31:46","slug":"modificacion-servicio-de-inyectologia","status":"publish","type":"post","link":"https:\/\/vicerrectorias.utp.edu.co\/responsabilidad-social\/modificacion-servicio-de-inyectologia\/","title":{"rendered":"Modificaci\u00f3n servicio de inyectolog\u00eda"},"content":{"rendered":"\n<p><span class=\"post-content__span\"> Modificaci\u00f3n servicio de inyectolog\u00eda<\/p>\n\n\n\n<p><span class=\"post-content__span\"> <img decoding=\"async\" src=\"https:\/\/comunicaciones.utp.edu.co\/wp-content\/uploads\/sites\/2\/logo-vicerrectoria-de-responsabilidad-social-294X176.jpg\">Salud Integral de la Vicerrector\u00eda de Responsabilidad Social y Bienestar Universitario,&nbsp;informa a la comunidad universitaria que el servicio de inyectolog\u00eda en enfermer\u00eda tendr\u00e1 un cambio de horario, se realizar\u00e1 de lunes a viernes despu\u00e9s de las 4:00 p.m. los s\u00e1bados desde las 8:00 a.m. hasta las 12:00 m.&nbsp;Lo anterior para atender a&nbsp; requerimientos de la normalidad de habilitaci\u00f3n, disculpas por la incomodidad.<\/p>\n","protected":false},"excerpt":{"rendered":"<p>Modificaci\u00f3n servicio de inyectolog\u00eda Salud Integral de la Vicerrector\u00eda de Responsabilidad Social y Bienestar Universitario,&nbsp;informa a la comunidad universitaria que [&hellip;]<\/p>\n","protected":false},"author":0,"featured_media":60385,"comment_status":"closed","ping_status":"closed","sticky":false,"template":"","format":"standard","meta":{"footnotes":""},"categories":[3],"tags":[],"class_list":["post-5391","post","type-post","status-publish","format-standard","has-post-thumbnail","hentry","category-noticias"],"_links":{"self":[{"href":"https:\/\/vicerrectorias.utp.edu.co\/responsabilidad-social\/wp-json\/wp\/v2\/posts\/5391","targetHints":{"allow":["GET"]}}],"collection":[{"href":"https:\/\/vicerrectorias.utp.edu.co\/responsabilidad-social\/wp-json\/wp\/v2\/posts"}],"about":[{"href":"https:\/\/vicerrectorias.utp.edu.co\/responsabilidad-social\/wp-json\/wp\/v2\/types\/post"}],"replies":[{"embeddable":true,"href":"https:\/\/vicerrectorias.utp.edu.co\/responsabilidad-social\/wp-json\/wp\/v2\/comments?post=5391"}],"version-history":[{"count":2,"href":"https:\/\/vicerrectorias.utp.edu.co\/responsabilidad-social\/wp-json\/wp\/v2\/posts\/5391\/revisions"}],"predecessor-version":[{"id":61197,"href":"https:\/\/vicerrectorias.utp.edu.co\/responsabilidad-social\/wp-json\/wp\/v2\/posts\/5391\/revisions\/61197"}],"wp:featuredmedia":[{"embeddable":true,"href":"https:\/\/vicerrectorias.utp.edu.co\/responsabilidad-social\/wp-json\/wp\/v2\/media\/60385"}],"wp:attachment":[{"href":"https:\/\/vicerrectorias.utp.edu.co\/responsabilidad-social\/wp-json\/wp\/v2\/media?parent=5391"}],"wp:term":[{"taxonomy":"category","embeddable":true,"href":"https:\/\/vicerrectorias.utp.edu.co\/responsabilidad-social\/wp-json\/wp\/v2\/categories?post=5391"},{"taxonomy":"post_tag","embeddable":true,"href":"https:\/\/vicerrectorias.utp.edu.co\/responsabilidad-social\/wp-json\/wp\/v2\/tags?post=5391"}],"curies":[{"name":"wp","href":"https:\/\/api.w.org\/{rel}","templated":true}]}}