{"id":5381,"date":"2018-10-31T10:01:44","date_gmt":"2018-10-31T09:01:44","guid":{"rendered":""},"modified":"2024-08-16T07:49:52","modified_gmt":"2024-08-16T05:49:52","slug":"comunicado-consejo-academico-29102018","status":"publish","type":"post","link":"https:\/\/vicerrectorias.utp.edu.co\/responsabilidad-social\/comunicado-consejo-academico-29102018\/","title":{"rendered":"Comunicado Consejo Acad\u00e9mico 29\/10\/2018"},"content":{"rendered":"\n<p><span class=\"post-content__span\"> <img decoding=\"async\" src=\"https:\/\/comunicaciones.utp.edu.co\/wp-content\/uploads\/sites\/2\/Banner-Consejo-Academico.jpg\"><\/p>\n\n\n\n<p><span class=\"post-content__span\"> Comunicado del Consejo Acad\u00e9mico de la Universidad Tecnol\u00f3gica de Pereira dirigido a la comunidad universitaria.\u00a0Pereira, 29 de octubre de 2018.\u00a0<a href=\"https:\/\/www.utp.edu.co\/cms-utp\/data\/bin\/UTP\/web\/uploads\/media\/comunicaciones\/documentos\/29-10-Comunicado-Consejo-Academico.pdf\" target=\"_blank\" rel=\"noreferrer noopener\">Ver comunicado<\/a><\/p>\n\n\n\n<p><span class=\"post-content__span\"> <strong>CONSEJO ACAD\u00c9MICO<\/strong><\/p>\n\n\n\n<p><span class=\"post-content__span\"> <strong>COMUNICADO A LA COMUNIDAD UNIVERSITARIA<\/strong><\/p>\n\n\n\n<p><span class=\"post-content__span\"> El Consejo Acad\u00e9mico de la Universidad Tecnol\u00f3gica de Pereira reunido hoy 29 de octubre de 2018, recibi\u00f3 el informe presentado por el se\u00f1or Rector en el que resumi\u00f3 el acuerdo firmado entre los rectores de las universidades p\u00fablicas del pa\u00eds y el se\u00f1or Presidente de la Rep\u00fablica el pasado viernes. El acuerdo representa un importante avance en la soluci\u00f3n al grave problema estructural de la financiaci\u00f3n de la universidad p\u00fablica.<\/p>\n\n\n\n<p><span class=\"post-content__span\"> El Consejo Acad\u00e9mico reconoce la importancia de difundir de manera amplia y precisa a todos los estudiantes y docentes, cada uno de los puntos del acuerdo con el fin de resaltar sus alcances, verificar su impacto en los presupuestos de las universidades y garantizar su cumplimiento.<\/p>\n\n\n\n<p><span class=\"post-content__span\"> Aunque el acuerdo firmado es importante, el Consejo Acad\u00e9mico reconoce la necesidad de continuar con la gesti\u00f3n para una soluci\u00f3n definitiva a las graves dificultades que impiden el ingreso, el estudio y el egreso exitoso de estudiantes en las universidades p\u00fablicas del pa\u00eds.<\/p>\n\n\n\n<p><span class=\"post-content__span\"> Finalmente, el Consejo Acad\u00e9mico solicita un espacio con los estudiantes para compartir los alcances del acuerdo firmado,&nbsp; realizar un balance de lo obtenido y plantear una salida que, sin menoscabo de la exigencia a una educacion superior digna, permita el pronto retorno a la normalidad acad\u00e9mica.<\/p>\n","protected":false},"excerpt":{"rendered":"<p>Comunicado del Consejo Acad\u00e9mico de la Universidad Tecnol\u00f3gica de Pereira dirigido a la comunidad universitaria.\u00a0Pereira, 29 de octubre de 2018.\u00a0Ver [&hellip;]<\/p>\n","protected":false},"author":0,"featured_media":60384,"comment_status":"closed","ping_status":"closed","sticky":false,"template":"","format":"standard","meta":{"footnotes":""},"categories":[3],"tags":[],"class_list":["post-5381","post","type-post","status-publish","format-standard","has-post-thumbnail","hentry","category-noticias"],"_links":{"self":[{"href":"https:\/\/vicerrectorias.utp.edu.co\/responsabilidad-social\/wp-json\/wp\/v2\/posts\/5381","targetHints":{"allow":["GET"]}}],"collection":[{"href":"https:\/\/vicerrectorias.utp.edu.co\/responsabilidad-social\/wp-json\/wp\/v2\/posts"}],"about":[{"href":"https:\/\/vicerrectorias.utp.edu.co\/responsabilidad-social\/wp-json\/wp\/v2\/types\/post"}],"replies":[{"embeddable":true,"href":"https:\/\/vicerrectorias.utp.edu.co\/responsabilidad-social\/wp-json\/wp\/v2\/comments?post=5381"}],"version-history":[{"count":2,"href":"https:\/\/vicerrectorias.utp.edu.co\/responsabilidad-social\/wp-json\/wp\/v2\/posts\/5381\/revisions"}],"predecessor-version":[{"id":60834,"href":"https:\/\/vicerrectorias.utp.edu.co\/responsabilidad-social\/wp-json\/wp\/v2\/posts\/5381\/revisions\/60834"}],"wp:featuredmedia":[{"embeddable":true,"href":"https:\/\/vicerrectorias.utp.edu.co\/responsabilidad-social\/wp-json\/wp\/v2\/media\/60384"}],"wp:attachment":[{"href":"https:\/\/vicerrectorias.utp.edu.co\/responsabilidad-social\/wp-json\/wp\/v2\/media?parent=5381"}],"wp:term":[{"taxonomy":"category","embeddable":true,"href":"https:\/\/vicerrectorias.utp.edu.co\/responsabilidad-social\/wp-json\/wp\/v2\/categories?post=5381"},{"taxonomy":"post_tag","embeddable":true,"href":"https:\/\/vicerrectorias.utp.edu.co\/responsabilidad-social\/wp-json\/wp\/v2\/tags?post=5381"}],"curies":[{"name":"wp","href":"https:\/\/api.w.org\/{rel}","templated":true}]}}