{"id":5371,"date":"2018-10-27T10:16:58","date_gmt":"2018-10-27T08:16:58","guid":{"rendered":""},"modified":"2024-08-20T13:48:33","modified_gmt":"2024-08-20T11:48:33","slug":"reunion-con-rectores-de-las-universidades-publicas","status":"publish","type":"post","link":"https:\/\/vicerrectorias.utp.edu.co\/responsabilidad-social\/reunion-con-rectores-de-las-universidades-publicas\/","title":{"rendered":"Reuni\u00f3n con rectores de las Universidades P\u00fablicas"},"content":{"rendered":"\n<p><span class=\"post-content__span\"> <span>A continuaci\u00f3n se comparten las d<\/span><span>eclaraciones del presidente Iv\u00e1n Duque al t\u00e9rmino de su reuni\u00f3n con rectores de las Universidades P\u00fablicas.\u00a0<\/span><\/p>\n\n\n\n<figure class=\"wp-block-image\"><img decoding=\"async\" src=\"https:\/\/comunicaciones.utp.edu.co\/wp-content\/uploads\/sites\/2\/Presidente-SUE-Campus.jpg\" alt=\"\"\/><\/figure>\n\n\n\n<p><span class=\"post-content__span\"> El Gobierno Nacional, en cabeza del Presidente de la Repu\u0301blica Iva\u0301n Duque, la Ministra de Educacio\u0301n y los rectores del Sistema Universitario Estatal y de la Red de Instituciones te\u0301cnicas, tecnolo\u0301gicas y universitarias, reconociendo que las dificultades y retos en materia financiera de las instituciones de educacio\u0301n superior pu\u0301blicas se han profundizado en la u\u0301ltima de\u0301cada, comparten que hemos llegado a un acuerdo en los siguientes te\u0301rminos:<\/p>\n\n\n\n<p><span class=\"post-content__span\"> \u2022 Que durante este peri\u0301odo de gobierno las transferencias de la Nacio\u0301n para funcionamiento de las instituciones de educacio\u0301n superior pu\u0301blicas crecera\u0301n en un IPC ma\u0301s tres puntos porcentuales en 2019 y en IPCma\u0301s cuatro puntos porcentuales en los an\u0303os 2020, 2021 Y 2022.<\/p>\n\n\n\n<p><span class=\"post-content__span\"> \u2022 Los recursos para inversio\u0301n con cargo al presupuesto Nacional llegara\u0301n a $300 mil millones anuales para las instituciones de educacio\u0301n superior pu\u0301blicas, sumando $1,2 billones adicionales para los 4 an\u0303os del gobierno.<\/p>\n\n\n\n<p><span class=\"post-content__span\"> \u2022 A partir del an\u0303o 2019 el Gobierno Nacional incorporara\u0301 los recursos de los excedentes de cooperativas establecidos en el arti\u0301culo 142 de la reforma tributaria del an\u0303o 2016 para el fortalecimiento de la educacio\u0301n superior pu\u0301blica.<\/p>\n\n\n\n<p><span class=\"post-content__span\"> \u2022 El Presidente le ha pedido al equipo de Gobierno impulsar, con el concurso de los gobernadores, alcaldes y el Congreso, en el marco del Plan bienal de Regali\u0301as la destinacio\u0301n de $1 billo\u0301n de pesos que permitira\u0301 en los an\u0303os 2019 y 2020 contar con recursos que fomenten la inversio\u0301n en infraestructura orientada al mejoramiento de la calidad de las instituciones de educacio\u0301n superior pu\u0301blicas.<\/p>\n\n\n\n<p><span class=\"post-content__span\"> \u2022 El Gobierno nacional trabajara\u0301 en equipo con las universidades e instituciones te\u0301cnicas profesionales, tecnolo\u0301gicas y universitarias pu\u0301blicas en la construccio\u0301n del Plan Nacional de Desarrollo y buscara\u0301 los mecanismos para dar continuidad al fortalecimiento de los recursos para funcionamiento e inversio\u0301n.<\/p>\n\n\n\n<p><span class=\"post-content__span\"> \u2022 Los Rectores del Sistema Universitario Estatal y de la RED ITTU reconocen el esfuerzo del Gobierno Nacional en buscar la solucio\u0301n estructural de presupuesto de funcionamiento e inversio\u0301n de las instituciones de educacio\u0301n superior pu\u0301blicas y se comprometen a conducir un proceso pedago\u0301gico con las comunidades acade\u0301micas y dema\u0301s sectores de la sociedad para explicar los alcances de este acuerdo, asi\u0301 como en apoyar la agenda de acceso gratuito gradual a la educacio\u0301n superior pu\u0301blica para la poblacio\u0301n ma\u0301s vulnerable.<\/p>\n\n\n\n<p><span class=\"post-content__span\"> \u2022 Este acuerdo del 26 de octubre del 2018 es el primer paso para avanzar en nuevos modelos de construccio\u0301n de poli\u0301ticas de largo plazo en la educacio\u0301n superior.<\/p>\n\n\n\n<figure class=\"wp-block-image\"><img decoding=\"async\" src=\"https:\/\/comunicaciones.utp.edu.co\/wp-content\/uploads\/sites\/2\/Rectores.jpg\" alt=\"\"\/><\/figure>\n","protected":false},"excerpt":{"rendered":"<p>A continuaci\u00f3n se comparten las declaraciones del presidente Iv\u00e1n Duque al t\u00e9rmino de su reuni\u00f3n con rectores de las Universidades [&hellip;]<\/p>\n","protected":false},"author":0,"featured_media":60383,"comment_status":"closed","ping_status":"closed","sticky":false,"template":"","format":"standard","meta":{"footnotes":""},"categories":[3],"tags":[],"class_list":["post-5371","post","type-post","status-publish","format-standard","has-post-thumbnail","hentry","category-noticias"],"_links":{"self":[{"href":"https:\/\/vicerrectorias.utp.edu.co\/responsabilidad-social\/wp-json\/wp\/v2\/posts\/5371","targetHints":{"allow":["GET"]}}],"collection":[{"href":"https:\/\/vicerrectorias.utp.edu.co\/responsabilidad-social\/wp-json\/wp\/v2\/posts"}],"about":[{"href":"https:\/\/vicerrectorias.utp.edu.co\/responsabilidad-social\/wp-json\/wp\/v2\/types\/post"}],"replies":[{"embeddable":true,"href":"https:\/\/vicerrectorias.utp.edu.co\/responsabilidad-social\/wp-json\/wp\/v2\/comments?post=5371"}],"version-history":[{"count":2,"href":"https:\/\/vicerrectorias.utp.edu.co\/responsabilidad-social\/wp-json\/wp\/v2\/posts\/5371\/revisions"}],"predecessor-version":[{"id":61270,"href":"https:\/\/vicerrectorias.utp.edu.co\/responsabilidad-social\/wp-json\/wp\/v2\/posts\/5371\/revisions\/61270"}],"wp:featuredmedia":[{"embeddable":true,"href":"https:\/\/vicerrectorias.utp.edu.co\/responsabilidad-social\/wp-json\/wp\/v2\/media\/60383"}],"wp:attachment":[{"href":"https:\/\/vicerrectorias.utp.edu.co\/responsabilidad-social\/wp-json\/wp\/v2\/media?parent=5371"}],"wp:term":[{"taxonomy":"category","embeddable":true,"href":"https:\/\/vicerrectorias.utp.edu.co\/responsabilidad-social\/wp-json\/wp\/v2\/categories?post=5371"},{"taxonomy":"post_tag","embeddable":true,"href":"https:\/\/vicerrectorias.utp.edu.co\/responsabilidad-social\/wp-json\/wp\/v2\/tags?post=5371"}],"curies":[{"name":"wp","href":"https:\/\/api.w.org\/{rel}","templated":true}]}}