{"id":5361,"date":"2018-10-25T15:30:13","date_gmt":"2018-10-25T13:30:13","guid":{"rendered":""},"modified":"2024-08-15T15:52:40","modified_gmt":"2024-08-15T13:52:40","slug":"convocatorias-elecciones-de-decanos-2018","status":"publish","type":"post","link":"https:\/\/vicerrectorias.utp.edu.co\/responsabilidad-social\/convocatorias-elecciones-de-decanos-2018\/","title":{"rendered":"Convocatorias Elecciones de Decanos 2018"},"content":{"rendered":"\n<p><span class=\"post-content__span\"> La Secretar\u00eda General informa que mediante las siguientes Resoluciones se convoca a elecci\u00f3n de Decanos as\u00ed:<a href=\"https:\/\/www.utp.edu.co\/cms-utp\/data\/bin\/UTP\/web\/uploads\/media\/comunicaciones\/documentos\/Resolucion-No-7128-Convocatoria-Eleccion-Decano-Facultad-de-Ciencias-Basicas-PDF.pdf\">Resoluci\u00f3n No. 7128 del 01 de octubre de 2018, Convoca la Elecci\u00f3n de Decano en la Facultad de Ciencias B\u00e1sicas<\/a><\/p>\n\n\n\n<p><span class=\"post-content__span\"> <a href=\"https:\/\/www.utp.edu.co\/cms-utp\/data\/bin\/UTP\/web\/uploads\/media\/comunicaciones\/documentos\/Resolucion-No-7129-Convoca-Eleccion-Decano-Facultad-Ciencias-de-la-Educacion-PDF.pdf\">Resoluci\u00f3n No. 7129 del 01 de octubre de 2018, Convoca la Elecci\u00f3n de Decano en la Facultad de Ciencias de la Educaci\u00f3n<\/a><\/p>\n\n\n\n<p><span class=\"post-content__span\"> <a href=\"https:\/\/www.utp.edu.co\/cms-utp\/data\/bin\/UTP\/web\/uploads\/media\/comunicaciones\/documentos\/Resolucion-No-7130-Convoca-Eleccion-Decano-Facultad-de-Ciencias-de-la-Salud-PDF.pdf\">Resoluci\u00f3n No. 7130 del 01 de octubre de 2018, Convoca la Elecci\u00f3n de Decano en la Facultad de Ciencias de la Salud<\/a><\/p>\n\n\n\n<p><span class=\"post-content__span\"> <a href=\"https:\/\/www.utp.edu.co\/cms-utp\/data\/bin\/UTP\/web\/uploads\/media\/comunicaciones\/documentos\/Resolucion-No-7131-Convoca-Eleccion-Decano-Facultad-de-Ingenierias-PDF.pdf\">Resoluci\u00f3n No. 7131 del 01 de octubre de 2018, Convoca la Elecci\u00f3n de Decano en la Facultad de Ingenier\u00edas El\u00e9ctrica, Electr\u00f3nica, F\u00edsica y Ciencias de la Computaci\u00f3n<\/a><\/p>\n\n\n\n<p><span class=\"post-content__span\"> <strong>Igualmente se informa que mediante&nbsp;<a href=\"https:\/\/www.utp.edu.co\/cms-utp\/data\/bin\/UTP\/web\/uploads\/media\/comunicaciones\/documentos\/Resolucion-No-7132-Reglamenta-procedimiento-Elecciones-de-Decanos-PDF.pdf\">Resoluci\u00f3n No. 7132 del 01 de octubre de 2018<\/a>, Se Reglamentan aspectos de procedimiento en las Elecciones de Decanos del 15 de noviembre de 2018 por parte de los Egresados<\/strong>.<\/p>\n","protected":false},"excerpt":{"rendered":"<p>La Secretar\u00eda General informa que mediante las siguientes Resoluciones se convoca a elecci\u00f3n de Decanos as\u00ed:Resoluci\u00f3n No. 7128 del 01 [&hellip;]<\/p>\n","protected":false},"author":0,"featured_media":60382,"comment_status":"closed","ping_status":"closed","sticky":false,"template":"","format":"standard","meta":{"footnotes":""},"categories":[3],"tags":[],"class_list":["post-5361","post","type-post","status-publish","format-standard","has-post-thumbnail","hentry","category-noticias"],"_links":{"self":[{"href":"https:\/\/vicerrectorias.utp.edu.co\/responsabilidad-social\/wp-json\/wp\/v2\/posts\/5361","targetHints":{"allow":["GET"]}}],"collection":[{"href":"https:\/\/vicerrectorias.utp.edu.co\/responsabilidad-social\/wp-json\/wp\/v2\/posts"}],"about":[{"href":"https:\/\/vicerrectorias.utp.edu.co\/responsabilidad-social\/wp-json\/wp\/v2\/types\/post"}],"replies":[{"embeddable":true,"href":"https:\/\/vicerrectorias.utp.edu.co\/responsabilidad-social\/wp-json\/wp\/v2\/comments?post=5361"}],"version-history":[{"count":1,"href":"https:\/\/vicerrectorias.utp.edu.co\/responsabilidad-social\/wp-json\/wp\/v2\/posts\/5361\/revisions"}],"predecessor-version":[{"id":9088,"href":"https:\/\/vicerrectorias.utp.edu.co\/responsabilidad-social\/wp-json\/wp\/v2\/posts\/5361\/revisions\/9088"}],"wp:featuredmedia":[{"embeddable":true,"href":"https:\/\/vicerrectorias.utp.edu.co\/responsabilidad-social\/wp-json\/wp\/v2\/media\/60382"}],"wp:attachment":[{"href":"https:\/\/vicerrectorias.utp.edu.co\/responsabilidad-social\/wp-json\/wp\/v2\/media?parent=5361"}],"wp:term":[{"taxonomy":"category","embeddable":true,"href":"https:\/\/vicerrectorias.utp.edu.co\/responsabilidad-social\/wp-json\/wp\/v2\/categories?post=5361"},{"taxonomy":"post_tag","embeddable":true,"href":"https:\/\/vicerrectorias.utp.edu.co\/responsabilidad-social\/wp-json\/wp\/v2\/tags?post=5361"}],"curies":[{"name":"wp","href":"https:\/\/api.w.org\/{rel}","templated":true}]}}