{"id":5331,"date":"2018-10-19T16:39:15","date_gmt":"2018-10-19T14:39:15","guid":{"rendered":""},"modified":"2024-08-16T07:47:56","modified_gmt":"2024-08-16T05:47:56","slug":"comunicado-a-la-opinion-publica-octubre-18-de-2018","status":"publish","type":"post","link":"https:\/\/vicerrectorias.utp.edu.co\/responsabilidad-social\/comunicado-a-la-opinion-publica-octubre-18-de-2018\/","title":{"rendered":"Comunicado a la opini\u00f3n p\u00fablica octubre 18 de 2018"},"content":{"rendered":"\n<p><span class=\"post-content__span\"> Comunicado a la opini\u00f3n p\u00fablica<\/p>\n\n\n\n<p><span class=\"post-content__span\"> <img decoding=\"async\" src=\"https:\/\/comunicaciones.utp.edu.co\/wp-content\/uploads\/sites\/2\/logo-rectoria-294-x-176.jpg\"><\/p>\n\n\n\n<p><span class=\"post-content__span\"> <\/p>\n\n\n\n<p><span class=\"post-content__span\"> Los vicerrectores y decanos de la Universidad Tecnol\u00f3gica de Pereira, en reuni\u00f3n sostenida el mi\u00e9rcoles 17 de octubre del presente a\u00f1o, expresan su apoyo a la propuesta presentada por el se\u00f1or Rector de la Instituci\u00f3n para la financiaci\u00f3n y sostenibilidad de las Universidades P\u00fablicas colombianas,\u00a0<a href=\"https:\/\/www.utp.edu.co\/cms-utp\/data\/bin\/UTP\/web\/uploads\/media\/comunicaciones\/documentos\/Comunicado-17-de-octubre.pdf\">ver\u00a0 comunicado.<\/a><\/p>\n","protected":false},"excerpt":{"rendered":"<p>Comunicado a la opini\u00f3n p\u00fablica Los vicerrectores y decanos de la Universidad Tecnol\u00f3gica de Pereira, en reuni\u00f3n sostenida el mi\u00e9rcoles [&hellip;]<\/p>\n","protected":false},"author":0,"featured_media":60379,"comment_status":"closed","ping_status":"closed","sticky":false,"template":"","format":"standard","meta":{"footnotes":""},"categories":[3],"tags":[],"class_list":["post-5331","post","type-post","status-publish","format-standard","has-post-thumbnail","hentry","category-noticias"],"_links":{"self":[{"href":"https:\/\/vicerrectorias.utp.edu.co\/responsabilidad-social\/wp-json\/wp\/v2\/posts\/5331","targetHints":{"allow":["GET"]}}],"collection":[{"href":"https:\/\/vicerrectorias.utp.edu.co\/responsabilidad-social\/wp-json\/wp\/v2\/posts"}],"about":[{"href":"https:\/\/vicerrectorias.utp.edu.co\/responsabilidad-social\/wp-json\/wp\/v2\/types\/post"}],"replies":[{"embeddable":true,"href":"https:\/\/vicerrectorias.utp.edu.co\/responsabilidad-social\/wp-json\/wp\/v2\/comments?post=5331"}],"version-history":[{"count":3,"href":"https:\/\/vicerrectorias.utp.edu.co\/responsabilidad-social\/wp-json\/wp\/v2\/posts\/5331\/revisions"}],"predecessor-version":[{"id":60833,"href":"https:\/\/vicerrectorias.utp.edu.co\/responsabilidad-social\/wp-json\/wp\/v2\/posts\/5331\/revisions\/60833"}],"wp:featuredmedia":[{"embeddable":true,"href":"https:\/\/vicerrectorias.utp.edu.co\/responsabilidad-social\/wp-json\/wp\/v2\/media\/60379"}],"wp:attachment":[{"href":"https:\/\/vicerrectorias.utp.edu.co\/responsabilidad-social\/wp-json\/wp\/v2\/media?parent=5331"}],"wp:term":[{"taxonomy":"category","embeddable":true,"href":"https:\/\/vicerrectorias.utp.edu.co\/responsabilidad-social\/wp-json\/wp\/v2\/categories?post=5331"},{"taxonomy":"post_tag","embeddable":true,"href":"https:\/\/vicerrectorias.utp.edu.co\/responsabilidad-social\/wp-json\/wp\/v2\/tags?post=5331"}],"curies":[{"name":"wp","href":"https:\/\/api.w.org\/{rel}","templated":true}]}}