{"id":5311,"date":"2018-10-09T17:31:07","date_gmt":"2018-10-09T15:31:07","guid":{"rendered":""},"modified":"2024-08-15T15:52:41","modified_gmt":"2024-08-15T13:52:41","slug":"pruebas-de-vih-sida-para-comunidad-estudiantil","status":"publish","type":"post","link":"https:\/\/vicerrectorias.utp.edu.co\/responsabilidad-social\/pruebas-de-vih-sida-para-comunidad-estudiantil\/","title":{"rendered":"Pruebas de VIH SIDA para comunidad estudiantil"},"content":{"rendered":"\n<p><span class=\"post-content__span\"> <span>El \u00e1rea Promoci\u00f3n de la Salud Integral de la Vicerrector\u00eda de Responsabilidad Social y Bienestar Universitario informa a la comunidad estudiantil que se estar\u00e1n realizando pruebas de VIH Sida desde el lunes 8 de octubre hasta el viernes 12 de octubre, en el horario de 2:00 p.m. a 7:00 p.m. el lugar de ubicaci\u00f3n de las carpas se informar\u00e1 esta semana, para mayor informaci\u00f3n al respecto pueden escribir al e-mail:&nbsp;<\/span><span><a href=\"mailto:coordinacionsalud@utp.edu.co\" target=\"_blank\" rel=\"noopener noreferrer\">coordinacionsalud@utp.edu.co<\/a>.&nbsp;<\/span><\/p>\n","protected":false},"excerpt":{"rendered":"<p>El \u00e1rea Promoci\u00f3n de la Salud Integral de la Vicerrector\u00eda de Responsabilidad Social y Bienestar Universitario informa a la comunidad [&hellip;]<\/p>\n","protected":false},"author":0,"featured_media":60377,"comment_status":"closed","ping_status":"closed","sticky":false,"template":"","format":"standard","meta":{"footnotes":""},"categories":[3],"tags":[],"class_list":["post-5311","post","type-post","status-publish","format-standard","has-post-thumbnail","hentry","category-noticias"],"_links":{"self":[{"href":"https:\/\/vicerrectorias.utp.edu.co\/responsabilidad-social\/wp-json\/wp\/v2\/posts\/5311","targetHints":{"allow":["GET"]}}],"collection":[{"href":"https:\/\/vicerrectorias.utp.edu.co\/responsabilidad-social\/wp-json\/wp\/v2\/posts"}],"about":[{"href":"https:\/\/vicerrectorias.utp.edu.co\/responsabilidad-social\/wp-json\/wp\/v2\/types\/post"}],"replies":[{"embeddable":true,"href":"https:\/\/vicerrectorias.utp.edu.co\/responsabilidad-social\/wp-json\/wp\/v2\/comments?post=5311"}],"version-history":[{"count":1,"href":"https:\/\/vicerrectorias.utp.edu.co\/responsabilidad-social\/wp-json\/wp\/v2\/posts\/5311\/revisions"}],"predecessor-version":[{"id":9093,"href":"https:\/\/vicerrectorias.utp.edu.co\/responsabilidad-social\/wp-json\/wp\/v2\/posts\/5311\/revisions\/9093"}],"wp:featuredmedia":[{"embeddable":true,"href":"https:\/\/vicerrectorias.utp.edu.co\/responsabilidad-social\/wp-json\/wp\/v2\/media\/60377"}],"wp:attachment":[{"href":"https:\/\/vicerrectorias.utp.edu.co\/responsabilidad-social\/wp-json\/wp\/v2\/media?parent=5311"}],"wp:term":[{"taxonomy":"category","embeddable":true,"href":"https:\/\/vicerrectorias.utp.edu.co\/responsabilidad-social\/wp-json\/wp\/v2\/categories?post=5311"},{"taxonomy":"post_tag","embeddable":true,"href":"https:\/\/vicerrectorias.utp.edu.co\/responsabilidad-social\/wp-json\/wp\/v2\/tags?post=5311"}],"curies":[{"name":"wp","href":"https:\/\/api.w.org\/{rel}","templated":true}]}}