{"id":5291,"date":"2018-09-28T14:53:51","date_gmt":"2018-09-28T12:53:51","guid":{"rendered":""},"modified":"2024-08-20T09:36:56","modified_gmt":"2024-08-20T07:36:56","slug":"jornadas-de-preregistro-programa-jovenes-en-accion","status":"publish","type":"post","link":"https:\/\/vicerrectorias.utp.edu.co\/responsabilidad-social\/jornadas-de-preregistro-programa-jovenes-en-accion\/","title":{"rendered":"Jornadas de Preregistro Programa J\u00f3venes en Acci\u00f3n"},"content":{"rendered":"\n<p><span class=\"post-content__span\"> Inician Jornadas de Pre-registro para el Programa J\u00f3venes en Acci\u00f3n en la UTP<\/p>\n\n\n\n<p><span class=\"post-content__span\"> <img decoding=\"async\" src=\"https:\/\/comunicaciones.utp.edu.co\/wp-content\/uploads\/sites\/2\/Logo-Jovenes-en-Accion-294-x-176.jpg\">La oficina J\u00f3venes en Acci\u00f3n informa: a partir del 1 hasta 5 de octubre se estar\u00e1n realizando jornadas masivas de Pre-registro a los estudiantes que cumplan requisitos en el edificio 3. Cualquier inquietud pueden comunicarse a los tel\u00e9fonos 331 5481 &#8211; 331 5375 o acercarse al edificio La Julita, Piso 2.<\/p>\n\n\n\n<figure class=\"wp-block-image\"><img decoding=\"async\" src=\"https:\/\/comunicaciones.utp.edu.co\/wp-content\/uploads\/sites\/2\/Inicia-jornada-de-pre-registro-para-el-programa-Jovenes-en-Accion-en-la-UTP.jpg\" alt=\"\"\/><\/figure>\n","protected":false},"excerpt":{"rendered":"<p>Inician Jornadas de Pre-registro para el Programa J\u00f3venes en Acci\u00f3n en la UTP La oficina J\u00f3venes en Acci\u00f3n informa: a [&hellip;]<\/p>\n","protected":false},"author":0,"featured_media":60375,"comment_status":"closed","ping_status":"closed","sticky":false,"template":"","format":"standard","meta":{"footnotes":""},"categories":[3],"tags":[],"class_list":["post-5291","post","type-post","status-publish","format-standard","has-post-thumbnail","hentry","category-noticias"],"_links":{"self":[{"href":"https:\/\/vicerrectorias.utp.edu.co\/responsabilidad-social\/wp-json\/wp\/v2\/posts\/5291","targetHints":{"allow":["GET"]}}],"collection":[{"href":"https:\/\/vicerrectorias.utp.edu.co\/responsabilidad-social\/wp-json\/wp\/v2\/posts"}],"about":[{"href":"https:\/\/vicerrectorias.utp.edu.co\/responsabilidad-social\/wp-json\/wp\/v2\/types\/post"}],"replies":[{"embeddable":true,"href":"https:\/\/vicerrectorias.utp.edu.co\/responsabilidad-social\/wp-json\/wp\/v2\/comments?post=5291"}],"version-history":[{"count":2,"href":"https:\/\/vicerrectorias.utp.edu.co\/responsabilidad-social\/wp-json\/wp\/v2\/posts\/5291\/revisions"}],"predecessor-version":[{"id":61157,"href":"https:\/\/vicerrectorias.utp.edu.co\/responsabilidad-social\/wp-json\/wp\/v2\/posts\/5291\/revisions\/61157"}],"wp:featuredmedia":[{"embeddable":true,"href":"https:\/\/vicerrectorias.utp.edu.co\/responsabilidad-social\/wp-json\/wp\/v2\/media\/60375"}],"wp:attachment":[{"href":"https:\/\/vicerrectorias.utp.edu.co\/responsabilidad-social\/wp-json\/wp\/v2\/media?parent=5291"}],"wp:term":[{"taxonomy":"category","embeddable":true,"href":"https:\/\/vicerrectorias.utp.edu.co\/responsabilidad-social\/wp-json\/wp\/v2\/categories?post=5291"},{"taxonomy":"post_tag","embeddable":true,"href":"https:\/\/vicerrectorias.utp.edu.co\/responsabilidad-social\/wp-json\/wp\/v2\/tags?post=5291"}],"curies":[{"name":"wp","href":"https:\/\/api.w.org\/{rel}","templated":true}]}}