{"id":5261,"date":"2018-09-24T12:00:16","date_gmt":"2018-09-24T10:00:16","guid":{"rendered":""},"modified":"2024-08-15T15:52:41","modified_gmt":"2024-08-15T13:52:41","slug":"asi-vivimos-el-1er-festival-internacional-de-tunas","status":"publish","type":"post","link":"https:\/\/vicerrectorias.utp.edu.co\/responsabilidad-social\/asi-vivimos-el-1er-festival-internacional-de-tunas\/","title":{"rendered":"As\u00ed vivimos el 1er Festival Internacional de Tunas"},"content":{"rendered":"\n<p><span class=\"post-content__span\"> Durante la apertura del Primer Festival Internacional de Tunas&nbsp;Universitarias las agrupaciones invitadas, rindieron homenaje al rector de la UTP, Luis Fernando Gaviria Trujillo.<\/p>\n\n\n\n<figure class=\"wp-block-image\"><img decoding=\"async\" src=\"https:\/\/comunicaciones.utp.edu.co\/wp-content\/uploads\/sites\/2\/serenata-1.jpg\" alt=\"\"\/><\/figure>\n\n\n\n<figure class=\"wp-block-image\"><img decoding=\"async\" src=\"https:\/\/comunicaciones.utp.edu.co\/wp-content\/uploads\/sites\/2\/serenata-3.jpg\" alt=\"\"\/><\/figure>\n\n\n\n<p><span class=\"post-content__span\"> El evento central del \u201cPrimer Festival Internacional de Tunas Universitarias\u00bb FITU CAFETERO 2018, se llev\u00f3 a cabo en el Teatro de Bellas Artes de Risaralda, con la presentaci\u00f3n de la Tuna de la Universidad Tecnol\u00f3gica de Pereira, la Tuna de La EAN Bogot\u00e1, de la Universidad Unilatina y la invitada especial que fue la Tuna de la Universidad San Martin de Porres de Lima Per\u00fa.<\/p>\n\n\n\n<figure class=\"wp-block-image\"><img decoding=\"async\" src=\"https:\/\/comunicaciones.utp.edu.co\/wp-content\/uploads\/sites\/2\/serenata-4.jpg\" alt=\"\"\/><\/figure>\n\n\n\n<figure class=\"wp-block-image\"><img decoding=\"async\" src=\"https:\/\/comunicaciones.utp.edu.co\/wp-content\/uploads\/sites\/2\/serenata-2.jpg\" alt=\"\"\/><\/figure>\n\n\n\n<p><span class=\"post-content__span\"> Con este evento se continua trabajando en el fortalecimiento cultural y el intercambio de experiencias en torno a la m\u00fasica a trav\u00e9s de las presentaciones art\u00edsticas que promueve la Universidad Tecnol\u00f3gica de Pereira.&nbsp;<\/p>\n","protected":false},"excerpt":{"rendered":"<p>Durante la apertura del Primer Festival Internacional de Tunas&nbsp;Universitarias las agrupaciones invitadas, rindieron homenaje al rector de la UTP, Luis [&hellip;]<\/p>\n","protected":false},"author":0,"featured_media":60372,"comment_status":"closed","ping_status":"closed","sticky":false,"template":"","format":"standard","meta":{"footnotes":""},"categories":[3],"tags":[],"class_list":["post-5261","post","type-post","status-publish","format-standard","has-post-thumbnail","hentry","category-noticias"],"_links":{"self":[{"href":"https:\/\/vicerrectorias.utp.edu.co\/responsabilidad-social\/wp-json\/wp\/v2\/posts\/5261","targetHints":{"allow":["GET"]}}],"collection":[{"href":"https:\/\/vicerrectorias.utp.edu.co\/responsabilidad-social\/wp-json\/wp\/v2\/posts"}],"about":[{"href":"https:\/\/vicerrectorias.utp.edu.co\/responsabilidad-social\/wp-json\/wp\/v2\/types\/post"}],"replies":[{"embeddable":true,"href":"https:\/\/vicerrectorias.utp.edu.co\/responsabilidad-social\/wp-json\/wp\/v2\/comments?post=5261"}],"version-history":[{"count":1,"href":"https:\/\/vicerrectorias.utp.edu.co\/responsabilidad-social\/wp-json\/wp\/v2\/posts\/5261\/revisions"}],"predecessor-version":[{"id":9098,"href":"https:\/\/vicerrectorias.utp.edu.co\/responsabilidad-social\/wp-json\/wp\/v2\/posts\/5261\/revisions\/9098"}],"wp:featuredmedia":[{"embeddable":true,"href":"https:\/\/vicerrectorias.utp.edu.co\/responsabilidad-social\/wp-json\/wp\/v2\/media\/60372"}],"wp:attachment":[{"href":"https:\/\/vicerrectorias.utp.edu.co\/responsabilidad-social\/wp-json\/wp\/v2\/media?parent=5261"}],"wp:term":[{"taxonomy":"category","embeddable":true,"href":"https:\/\/vicerrectorias.utp.edu.co\/responsabilidad-social\/wp-json\/wp\/v2\/categories?post=5261"},{"taxonomy":"post_tag","embeddable":true,"href":"https:\/\/vicerrectorias.utp.edu.co\/responsabilidad-social\/wp-json\/wp\/v2\/tags?post=5261"}],"curies":[{"name":"wp","href":"https:\/\/api.w.org\/{rel}","templated":true}]}}