{"id":5251,"date":"2018-09-20T08:37:09","date_gmt":"2018-09-20T06:37:09","guid":{"rendered":""},"modified":"2024-08-16T15:01:39","modified_gmt":"2024-08-16T13:01:39","slug":"festival-internacional-de-tunas-universitarias","status":"publish","type":"post","link":"https:\/\/vicerrectorias.utp.edu.co\/responsabilidad-social\/festival-internacional-de-tunas-universitarias\/","title":{"rendered":"Festival Internacional de Tunas Universitarias"},"content":{"rendered":"\n<p><span class=\"post-content__span\"> Festival Internacional de Tunas Universitarias<\/p>\n\n\n\n<p><span class=\"post-content__span\"> <img decoding=\"async\" src=\"https:\/\/comunicaciones.utp.edu.co\/wp-content\/uploads\/sites\/2\/tuna-campus.jpg\">La Vicerrector\u00eda de Responsabilidad Social y Bienestar Universitario estar\u00e1 realizando el \u201cPrimer Festival Internacional de Tunas Universitarias\u00bb FITU CAFETERO 2018&#8243;.<\/p>\n\n\n\n<p><span class=\"post-content__span\"> S\u00e1bado: (EVENTO CENTRAL) 6.00 p.m. en el auditorio Jorge Roa Mart\u00ednez. Entrada gratuita (las boletas se entregar\u00e1n en el Festival).&nbsp;<\/p>\n\n\n\n<figure class=\"wp-block-image\"><img decoding=\"async\" src=\"https:\/\/comunicaciones.utp.edu.co\/wp-content\/uploads\/sites\/2\/festival-tunas-IMPRESION.png\" alt=\"\"\/><\/figure>\n","protected":false},"excerpt":{"rendered":"<p>Festival Internacional de Tunas Universitarias La Vicerrector\u00eda de Responsabilidad Social y Bienestar Universitario estar\u00e1 realizando el \u201cPrimer Festival Internacional de [&hellip;]<\/p>\n","protected":false},"author":0,"featured_media":60371,"comment_status":"closed","ping_status":"closed","sticky":false,"template":"","format":"standard","meta":{"footnotes":""},"categories":[3],"tags":[],"class_list":["post-5251","post","type-post","status-publish","format-standard","has-post-thumbnail","hentry","category-noticias"],"_links":{"self":[{"href":"https:\/\/vicerrectorias.utp.edu.co\/responsabilidad-social\/wp-json\/wp\/v2\/posts\/5251","targetHints":{"allow":["GET"]}}],"collection":[{"href":"https:\/\/vicerrectorias.utp.edu.co\/responsabilidad-social\/wp-json\/wp\/v2\/posts"}],"about":[{"href":"https:\/\/vicerrectorias.utp.edu.co\/responsabilidad-social\/wp-json\/wp\/v2\/types\/post"}],"replies":[{"embeddable":true,"href":"https:\/\/vicerrectorias.utp.edu.co\/responsabilidad-social\/wp-json\/wp\/v2\/comments?post=5251"}],"version-history":[{"count":3,"href":"https:\/\/vicerrectorias.utp.edu.co\/responsabilidad-social\/wp-json\/wp\/v2\/posts\/5251\/revisions"}],"predecessor-version":[{"id":61022,"href":"https:\/\/vicerrectorias.utp.edu.co\/responsabilidad-social\/wp-json\/wp\/v2\/posts\/5251\/revisions\/61022"}],"wp:featuredmedia":[{"embeddable":true,"href":"https:\/\/vicerrectorias.utp.edu.co\/responsabilidad-social\/wp-json\/wp\/v2\/media\/60371"}],"wp:attachment":[{"href":"https:\/\/vicerrectorias.utp.edu.co\/responsabilidad-social\/wp-json\/wp\/v2\/media?parent=5251"}],"wp:term":[{"taxonomy":"category","embeddable":true,"href":"https:\/\/vicerrectorias.utp.edu.co\/responsabilidad-social\/wp-json\/wp\/v2\/categories?post=5251"},{"taxonomy":"post_tag","embeddable":true,"href":"https:\/\/vicerrectorias.utp.edu.co\/responsabilidad-social\/wp-json\/wp\/v2\/tags?post=5251"}],"curies":[{"name":"wp","href":"https:\/\/api.w.org\/{rel}","templated":true}]}}