{"id":5231,"date":"2018-09-18T11:20:16","date_gmt":"2018-09-18T09:20:16","guid":{"rendered":""},"modified":"2024-08-15T15:52:41","modified_gmt":"2024-08-15T13:52:41","slug":"video-alianza-aguas-y-aguas-utp","status":"publish","type":"post","link":"https:\/\/vicerrectorias.utp.edu.co\/responsabilidad-social\/video-alianza-aguas-y-aguas-utp\/","title":{"rendered":"Video Alianza Aguas y Aguas UTP"},"content":{"rendered":"\n<p><span class=\"post-content__span\"> <span>Habitantes de la comuna Consota, ponen en pr\u00e1ctica lo aprendido en el taller de \u00abHerramientas Audiovisuales\u00bb, como parte de su formaci\u00f3n como investigadores etnogr\u00e1ficos; todo esto enmarcado en el proyecto Resignificaci\u00f3n del valor del agua como derecho fundamental, que es liderado por Aguas y Aguas de Pereira y la UTP.&nbsp;<\/span><\/p>\n\n\n\n<figure class=\"wp-block-image\"><img decoding=\"async\" src=\"https:\/\/vicerrectorias.utp.edu.co\/responsabilidad-social\/wp-content\/uploads\/sites\/12\/Video-Alianza-Aguas-y-Aguas-UTP-minatura.jpg\" alt=\"\"\/><\/figure>\n\n\n\n<figure class=\"wp-block-embed\"><div class=\"wp-block-embed__wrapper\">\n<iframe loading=\"lazy\" title=\"AquaClips  Herramientas Audiovisuales Panorama II Convenio UTP - Aguas y Aguas\" width=\"500\" height=\"281\" src=\"https:\/\/www.youtube.com\/embed\/_aPYspoyCMM?feature=oembed\" frameborder=\"0\" allow=\"accelerometer; autoplay; clipboard-write; encrypted-media; gyroscope; picture-in-picture; web-share\" referrerpolicy=\"strict-origin-when-cross-origin\" allowfullscreen><\/iframe>\n<\/div><\/figure>\n","protected":false},"excerpt":{"rendered":"<p>Habitantes de la comuna Consota, ponen en pr\u00e1ctica lo aprendido en el taller de \u00abHerramientas Audiovisuales\u00bb, como parte de su [&hellip;]<\/p>\n","protected":false},"author":0,"featured_media":60369,"comment_status":"closed","ping_status":"closed","sticky":false,"template":"","format":"standard","meta":{"footnotes":""},"categories":[3],"tags":[],"class_list":["post-5231","post","type-post","status-publish","format-standard","has-post-thumbnail","hentry","category-noticias"],"_links":{"self":[{"href":"https:\/\/vicerrectorias.utp.edu.co\/responsabilidad-social\/wp-json\/wp\/v2\/posts\/5231","targetHints":{"allow":["GET"]}}],"collection":[{"href":"https:\/\/vicerrectorias.utp.edu.co\/responsabilidad-social\/wp-json\/wp\/v2\/posts"}],"about":[{"href":"https:\/\/vicerrectorias.utp.edu.co\/responsabilidad-social\/wp-json\/wp\/v2\/types\/post"}],"replies":[{"embeddable":true,"href":"https:\/\/vicerrectorias.utp.edu.co\/responsabilidad-social\/wp-json\/wp\/v2\/comments?post=5231"}],"version-history":[{"count":1,"href":"https:\/\/vicerrectorias.utp.edu.co\/responsabilidad-social\/wp-json\/wp\/v2\/posts\/5231\/revisions"}],"predecessor-version":[{"id":9101,"href":"https:\/\/vicerrectorias.utp.edu.co\/responsabilidad-social\/wp-json\/wp\/v2\/posts\/5231\/revisions\/9101"}],"wp:featuredmedia":[{"embeddable":true,"href":"https:\/\/vicerrectorias.utp.edu.co\/responsabilidad-social\/wp-json\/wp\/v2\/media\/60369"}],"wp:attachment":[{"href":"https:\/\/vicerrectorias.utp.edu.co\/responsabilidad-social\/wp-json\/wp\/v2\/media?parent=5231"}],"wp:term":[{"taxonomy":"category","embeddable":true,"href":"https:\/\/vicerrectorias.utp.edu.co\/responsabilidad-social\/wp-json\/wp\/v2\/categories?post=5231"},{"taxonomy":"post_tag","embeddable":true,"href":"https:\/\/vicerrectorias.utp.edu.co\/responsabilidad-social\/wp-json\/wp\/v2\/tags?post=5231"}],"curies":[{"name":"wp","href":"https:\/\/api.w.org\/{rel}","templated":true}]}}