{"id":5221,"date":"2018-09-17T16:14:23","date_gmt":"2018-09-17T14:14:23","guid":{"rendered":""},"modified":"2024-08-15T15:52:41","modified_gmt":"2024-08-15T13:52:41","slug":"nuevos-apoyos-de-alimentacion-y-trasporte-en-la-u","status":"publish","type":"post","link":"https:\/\/vicerrectorias.utp.edu.co\/responsabilidad-social\/nuevos-apoyos-de-alimentacion-y-trasporte-en-la-u\/","title":{"rendered":"Nuevos apoyos de alimentaci\u00f3n y trasporte en la U"},"content":{"rendered":"\n<p><span class=\"post-content__span\"> La Alcald\u00eda de Pereira a trav\u00e9s del Programa Becas Pa Pepas ha lanzado una convocatoria para apoyar con Bonos de Alimentaci\u00f3n y Transporte a los estudiantes de la UTP (no importa el semestre). Los requisitos son muy sencillos *Personas graduadas de Colegios Oficiales de la Ciudad de Pereira, pertenecientes al Sisben del 0 a 55 ptos y Estrato 1 y 2 que sean estudiantes activos de la Universidad Tecnol\u00f3gica de Pereira en cualquiera de sus programas acad\u00e9micos (prioridad los de jornada ordinaria)*<\/p>\n\n\n\n<p><span class=\"post-content__span\"> Toda la informaci\u00f3n la consiguen&nbsp;<a href=\"https:\/\/www.pereiraeduca.gov.co\/index.php\/becas-pa-pepas\" target=\"_blank\" rel=\"noopener noreferrer\">https:\/\/www.pereiraeduca.gov.co\/index.php\/becas-pa-pepas<\/a><\/p>\n\n\n\n<p><span class=\"post-content__span\"> El Formulario para solicitar los Bonos&nbsp;<a href=\"https:\/\/goo.gl\/forms\/Ny73HX9bKQI8p8193\" target=\"_blank\" rel=\"noopener noreferrer\">https:\/\/goo.gl\/forms\/Ny73HX9bKQI8p8193<\/a><\/p>\n\n\n\n<p><span class=\"post-content__span\"> Tambi\u00e9n pueden participar personas pertenecientes a poblaci\u00f3n especial (desplazados, v\u00edctimas, indigenas, afrocolombianos, discapacitados)<\/p>\n","protected":false},"excerpt":{"rendered":"<p>La Alcald\u00eda de Pereira a trav\u00e9s del Programa Becas Pa Pepas ha lanzado una convocatoria para apoyar con Bonos de [&hellip;]<\/p>\n","protected":false},"author":0,"featured_media":60368,"comment_status":"closed","ping_status":"closed","sticky":false,"template":"","format":"standard","meta":{"footnotes":""},"categories":[3],"tags":[],"class_list":["post-5221","post","type-post","status-publish","format-standard","has-post-thumbnail","hentry","category-noticias"],"_links":{"self":[{"href":"https:\/\/vicerrectorias.utp.edu.co\/responsabilidad-social\/wp-json\/wp\/v2\/posts\/5221","targetHints":{"allow":["GET"]}}],"collection":[{"href":"https:\/\/vicerrectorias.utp.edu.co\/responsabilidad-social\/wp-json\/wp\/v2\/posts"}],"about":[{"href":"https:\/\/vicerrectorias.utp.edu.co\/responsabilidad-social\/wp-json\/wp\/v2\/types\/post"}],"replies":[{"embeddable":true,"href":"https:\/\/vicerrectorias.utp.edu.co\/responsabilidad-social\/wp-json\/wp\/v2\/comments?post=5221"}],"version-history":[{"count":1,"href":"https:\/\/vicerrectorias.utp.edu.co\/responsabilidad-social\/wp-json\/wp\/v2\/posts\/5221\/revisions"}],"predecessor-version":[{"id":9102,"href":"https:\/\/vicerrectorias.utp.edu.co\/responsabilidad-social\/wp-json\/wp\/v2\/posts\/5221\/revisions\/9102"}],"wp:featuredmedia":[{"embeddable":true,"href":"https:\/\/vicerrectorias.utp.edu.co\/responsabilidad-social\/wp-json\/wp\/v2\/media\/60368"}],"wp:attachment":[{"href":"https:\/\/vicerrectorias.utp.edu.co\/responsabilidad-social\/wp-json\/wp\/v2\/media?parent=5221"}],"wp:term":[{"taxonomy":"category","embeddable":true,"href":"https:\/\/vicerrectorias.utp.edu.co\/responsabilidad-social\/wp-json\/wp\/v2\/categories?post=5221"},{"taxonomy":"post_tag","embeddable":true,"href":"https:\/\/vicerrectorias.utp.edu.co\/responsabilidad-social\/wp-json\/wp\/v2\/tags?post=5221"}],"curies":[{"name":"wp","href":"https:\/\/api.w.org\/{rel}","templated":true}]}}