{"id":5211,"date":"2018-09-13T10:56:16","date_gmt":"2018-09-13T08:56:16","guid":{"rendered":""},"modified":"2024-08-20T10:48:02","modified_gmt":"2024-08-20T08:48:02","slug":"orquesta-sinfonica-sinfonia-n-8-antonin-dvorak","status":"publish","type":"post","link":"https:\/\/vicerrectorias.utp.edu.co\/responsabilidad-social\/orquesta-sinfonica-sinfonia-n-8-antonin-dvorak\/","title":{"rendered":"Orquesta Sinf\u00f3nica: Sinfon\u00eda N\u00b0 8 Anton\u00edn Dvor\u00e1k"},"content":{"rendered":"\n<p><span class=\"post-content__span\"> La Orquesta Sinf\u00f3nica presenta: Sinfon\u00eda N\u00b0 8 Anton\u00edn Dv\u00f3rak<\/p>\n\n\n\n<p><span class=\"post-content__span\"> <img decoding=\"async\" src=\"https:\/\/comunicaciones.utp.edu.co\/wp-content\/uploads\/sites\/2\/sinfonia-8.jpg\"><\/p>\n\n\n\n<p><span class=\"post-content__span\"> El pr\u00f3ximo 20 de septiembre vamos a revivir la c\u00e9lebre obra del compositor checo Anton\u00edn Dvorak. Al final, tendremos una peque\u00f1a muestra de lo que fue nuestro Homenaje a Colombia, si te lo perdiste. Te esperamos!<\/p>\n\n\n\n<figure class=\"wp-block-image\"><img decoding=\"async\" src=\"https:\/\/comunicaciones.utp.edu.co\/wp-content\/uploads\/sites\/2\/concierto-20-septiempre.png\" alt=\"\"\/><\/figure>\n","protected":false},"excerpt":{"rendered":"<p>La Orquesta Sinf\u00f3nica presenta: Sinfon\u00eda N\u00b0 8 Anton\u00edn Dv\u00f3rak El pr\u00f3ximo 20 de septiembre vamos a revivir la c\u00e9lebre obra [&hellip;]<\/p>\n","protected":false},"author":0,"featured_media":60367,"comment_status":"closed","ping_status":"closed","sticky":false,"template":"","format":"standard","meta":{"footnotes":""},"categories":[3],"tags":[],"class_list":["post-5211","post","type-post","status-publish","format-standard","has-post-thumbnail","hentry","category-noticias"],"_links":{"self":[{"href":"https:\/\/vicerrectorias.utp.edu.co\/responsabilidad-social\/wp-json\/wp\/v2\/posts\/5211","targetHints":{"allow":["GET"]}}],"collection":[{"href":"https:\/\/vicerrectorias.utp.edu.co\/responsabilidad-social\/wp-json\/wp\/v2\/posts"}],"about":[{"href":"https:\/\/vicerrectorias.utp.edu.co\/responsabilidad-social\/wp-json\/wp\/v2\/types\/post"}],"replies":[{"embeddable":true,"href":"https:\/\/vicerrectorias.utp.edu.co\/responsabilidad-social\/wp-json\/wp\/v2\/comments?post=5211"}],"version-history":[{"count":3,"href":"https:\/\/vicerrectorias.utp.edu.co\/responsabilidad-social\/wp-json\/wp\/v2\/posts\/5211\/revisions"}],"predecessor-version":[{"id":61215,"href":"https:\/\/vicerrectorias.utp.edu.co\/responsabilidad-social\/wp-json\/wp\/v2\/posts\/5211\/revisions\/61215"}],"wp:featuredmedia":[{"embeddable":true,"href":"https:\/\/vicerrectorias.utp.edu.co\/responsabilidad-social\/wp-json\/wp\/v2\/media\/60367"}],"wp:attachment":[{"href":"https:\/\/vicerrectorias.utp.edu.co\/responsabilidad-social\/wp-json\/wp\/v2\/media?parent=5211"}],"wp:term":[{"taxonomy":"category","embeddable":true,"href":"https:\/\/vicerrectorias.utp.edu.co\/responsabilidad-social\/wp-json\/wp\/v2\/categories?post=5211"},{"taxonomy":"post_tag","embeddable":true,"href":"https:\/\/vicerrectorias.utp.edu.co\/responsabilidad-social\/wp-json\/wp\/v2\/tags?post=5211"}],"curies":[{"name":"wp","href":"https:\/\/api.w.org\/{rel}","templated":true}]}}