{"id":5191,"date":"2018-09-10T10:42:36","date_gmt":"2018-09-10T08:42:36","guid":{"rendered":""},"modified":"2024-08-16T13:57:42","modified_gmt":"2024-08-16T11:57:42","slug":"en-la-utp-se-conmemoro-el-dia-de-la-mujer-indigena","status":"publish","type":"post","link":"https:\/\/vicerrectorias.utp.edu.co\/responsabilidad-social\/en-la-utp-se-conmemoro-el-dia-de-la-mujer-indigena\/","title":{"rendered":"En la UTP se conmemor\u00f3 el d\u00eda de la Mujer Indigena"},"content":{"rendered":"\n<p><span class=\"post-content__span\"> En la Universidad Tecnol\u00f3gica de Pereira se conmemor\u00f3 el D\u00eda de la Mujer Ind\u00edgena<\/p>\n\n\n\n<p><span class=\"post-content__span\"> <img decoding=\"async\" src=\"https:\/\/comunicaciones.utp.edu.co\/wp-content\/uploads\/sites\/2\/En-la-Universidad-Tecnologica-de-Pereira-se-conmemoro-el-Dia-de-la-Mujer-Indigena-minatura.jpg\">El Cabildo Ind\u00edgena Universitario de la Universidad Tecnol\u00f3gica de Pereira, conmemor\u00f3 el D\u00eda Internacional de la Mujer Ind\u00edgena, que se celebra cada 5 de septiembre en honor a todas aquellas mujeres ind\u00edgenas que han luchado y a\u00fan contin\u00faan en la lucha por la defensa de los derechos de los pueblos originarios.<\/p>\n\n\n\n<p><span class=\"post-content__span\"> En esta fecha se hace honor especial a Bartolina Sisa, mujer Aymara que luch\u00f3 incansablemente por la defensa de los derechos de su pueblo, ten\u00eda gran capacidad de liderazgo y organizaci\u00f3n, comand\u00f3 batallones de ind\u00edgenas, organiz\u00f3 grupos de mujeres que colaboraron con la resistencia a los espa\u00f1oles en diferentes pueblos del Per\u00fa, por ser una mujer que se opon\u00eda ante la dominaci\u00f3n de los conquistadores espa\u00f1oles, y quien fue asesinada el 5 de septiembre de 1782 en la Paz, Bolivia.<\/p>\n\n\n\n<p><span class=\"post-content__span\"> Cabe resaltar tambi\u00e9n, los nombres de algunas mujeres colombianas pertenecientes a distintos pueblos ind\u00edgenas del pa\u00eds que han luchado fuertemente por la defensa de la vida y el bienestar de los territorios, que este d\u00eda son honradas por su labor entre ellas: Leonor Zapata Torres, l\u00edder ind\u00edgena Arhuaca, Aida Quilcue ind\u00edgena del pueblo Nasa en Cauca, Mar\u00eda Clemencia Herrera, ind\u00edgena del pueblo Huitoto, como ellas hay muchas otras que desde los diferentes espacios donde se encuentran aportan a la luchas de cada uno de sus pueblos.<\/p>\n\n\n\n<p><span class=\"post-content__span\"> En esta ocasi\u00f3n, el Cabildo Ind\u00edgena UTP, realiz\u00f3 la conmemoraci\u00f3n del d\u00eda de la mujer ind\u00edgena dentro del campus universitario, en dicho evento se realiz\u00f3&nbsp;&nbsp;un conversatorio en torno a la lucha de las mujeres ind\u00edgenas y los logros que se han obtenido a partir de ello dentro de cada uno de los territorios, tambi\u00e9n se dict\u00f3 un taller de artesan\u00edas en chaquiras y los asistentes tambi\u00e9n disfrutaron de una noche cultural.<\/p>\n\n\n\n<p><span class=\"post-content__span\"> De este evento participaron los integrantes del CIU \u2013 UTP, delegados del Consejo Regional Ind\u00edgena de Risaralda CRIR, delegados del Cabildo ind\u00edgena Inga de Cali, poblaci\u00f3n Embera residente en Pereira y otros.<\/p>\n\n\n\n<figure class=\"wp-block-image\"><img decoding=\"async\" src=\"https:\/\/comunicaciones.utp.edu.co\/wp-content\/uploads\/sites\/2\/En-la-Universidad-Tecnologica-de-Pereira-se-conmemoro-el-Dia-de-la-Mujer-Indigena-2.jpg\" alt=\"\"\/><\/figure>\n","protected":false},"excerpt":{"rendered":"<p>En la Universidad Tecnol\u00f3gica de Pereira se conmemor\u00f3 el D\u00eda de la Mujer Ind\u00edgena El Cabildo Ind\u00edgena Universitario de la [&hellip;]<\/p>\n","protected":false},"author":0,"featured_media":60365,"comment_status":"closed","ping_status":"closed","sticky":false,"template":"","format":"standard","meta":{"footnotes":""},"categories":[3],"tags":[],"class_list":["post-5191","post","type-post","status-publish","format-standard","has-post-thumbnail","hentry","category-noticias"],"_links":{"self":[{"href":"https:\/\/vicerrectorias.utp.edu.co\/responsabilidad-social\/wp-json\/wp\/v2\/posts\/5191","targetHints":{"allow":["GET"]}}],"collection":[{"href":"https:\/\/vicerrectorias.utp.edu.co\/responsabilidad-social\/wp-json\/wp\/v2\/posts"}],"about":[{"href":"https:\/\/vicerrectorias.utp.edu.co\/responsabilidad-social\/wp-json\/wp\/v2\/types\/post"}],"replies":[{"embeddable":true,"href":"https:\/\/vicerrectorias.utp.edu.co\/responsabilidad-social\/wp-json\/wp\/v2\/comments?post=5191"}],"version-history":[{"count":2,"href":"https:\/\/vicerrectorias.utp.edu.co\/responsabilidad-social\/wp-json\/wp\/v2\/posts\/5191\/revisions"}],"predecessor-version":[{"id":60968,"href":"https:\/\/vicerrectorias.utp.edu.co\/responsabilidad-social\/wp-json\/wp\/v2\/posts\/5191\/revisions\/60968"}],"wp:featuredmedia":[{"embeddable":true,"href":"https:\/\/vicerrectorias.utp.edu.co\/responsabilidad-social\/wp-json\/wp\/v2\/media\/60365"}],"wp:attachment":[{"href":"https:\/\/vicerrectorias.utp.edu.co\/responsabilidad-social\/wp-json\/wp\/v2\/media?parent=5191"}],"wp:term":[{"taxonomy":"category","embeddable":true,"href":"https:\/\/vicerrectorias.utp.edu.co\/responsabilidad-social\/wp-json\/wp\/v2\/categories?post=5191"},{"taxonomy":"post_tag","embeddable":true,"href":"https:\/\/vicerrectorias.utp.edu.co\/responsabilidad-social\/wp-json\/wp\/v2\/tags?post=5191"}],"curies":[{"name":"wp","href":"https:\/\/api.w.org\/{rel}","templated":true}]}}