{"id":5181,"date":"2018-09-07T11:50:33","date_gmt":"2018-09-07T09:50:33","guid":{"rendered":""},"modified":"2024-08-16T11:05:34","modified_gmt":"2024-08-16T09:05:34","slug":"dia-de-la-mujer-indigena","status":"publish","type":"post","link":"https:\/\/vicerrectorias.utp.edu.co\/responsabilidad-social\/dia-de-la-mujer-indigena\/","title":{"rendered":"D\u00eda de la mujer ind\u00edgena"},"content":{"rendered":"\n<p><span class=\"post-content__span\"> D\u00eda de la mujer ind\u00edgena<\/p>\n\n\n\n<p><span class=\"post-content__span\"> <img decoding=\"async\" src=\"https:\/\/comunicaciones.utp.edu.co\/wp-content\/uploads\/sites\/2\/Dia-de-la-mujer-indigena-minatura.jpg\"><\/p>\n\n\n\n<p><span class=\"post-content__span\"> El Cabildo Ind\u00edgena Universitario UTP, ha realizando diferentes eventos dentro del campus universitario en pro de reivindicar y fortalecer los procesos culturales. En esta ocasi\u00f3n est\u00e1 organizando el evento para dar a conocer e invitar a participar a toda la comunidad universitaria de los procesos que han llevado a cabo las mujeres ind\u00edgenas.<\/p>\n\n\n\n<figure class=\"wp-block-image\"><img decoding=\"async\" src=\"https:\/\/comunicaciones.utp.edu.co\/wp-content\/uploads\/sites\/2\/Dia-de-la-mujer-indigena.jpg\" alt=\"\"\/><\/figure>\n","protected":false},"excerpt":{"rendered":"<p>D\u00eda de la mujer ind\u00edgena El Cabildo Ind\u00edgena Universitario UTP, ha realizando diferentes eventos dentro del campus universitario en pro [&hellip;]<\/p>\n","protected":false},"author":0,"featured_media":60364,"comment_status":"closed","ping_status":"closed","sticky":false,"template":"","format":"standard","meta":{"footnotes":""},"categories":[3],"tags":[],"class_list":["post-5181","post","type-post","status-publish","format-standard","has-post-thumbnail","hentry","category-noticias"],"_links":{"self":[{"href":"https:\/\/vicerrectorias.utp.edu.co\/responsabilidad-social\/wp-json\/wp\/v2\/posts\/5181","targetHints":{"allow":["GET"]}}],"collection":[{"href":"https:\/\/vicerrectorias.utp.edu.co\/responsabilidad-social\/wp-json\/wp\/v2\/posts"}],"about":[{"href":"https:\/\/vicerrectorias.utp.edu.co\/responsabilidad-social\/wp-json\/wp\/v2\/types\/post"}],"replies":[{"embeddable":true,"href":"https:\/\/vicerrectorias.utp.edu.co\/responsabilidad-social\/wp-json\/wp\/v2\/comments?post=5181"}],"version-history":[{"count":3,"href":"https:\/\/vicerrectorias.utp.edu.co\/responsabilidad-social\/wp-json\/wp\/v2\/posts\/5181\/revisions"}],"predecessor-version":[{"id":60925,"href":"https:\/\/vicerrectorias.utp.edu.co\/responsabilidad-social\/wp-json\/wp\/v2\/posts\/5181\/revisions\/60925"}],"wp:featuredmedia":[{"embeddable":true,"href":"https:\/\/vicerrectorias.utp.edu.co\/responsabilidad-social\/wp-json\/wp\/v2\/media\/60364"}],"wp:attachment":[{"href":"https:\/\/vicerrectorias.utp.edu.co\/responsabilidad-social\/wp-json\/wp\/v2\/media?parent=5181"}],"wp:term":[{"taxonomy":"category","embeddable":true,"href":"https:\/\/vicerrectorias.utp.edu.co\/responsabilidad-social\/wp-json\/wp\/v2\/categories?post=5181"},{"taxonomy":"post_tag","embeddable":true,"href":"https:\/\/vicerrectorias.utp.edu.co\/responsabilidad-social\/wp-json\/wp\/v2\/tags?post=5181"}],"curies":[{"name":"wp","href":"https:\/\/api.w.org\/{rel}","templated":true}]}}