{"id":5171,"date":"2018-09-06T11:42:29","date_gmt":"2018-09-06T09:42:29","guid":{"rendered":""},"modified":"2024-08-15T15:52:41","modified_gmt":"2024-08-15T13:52:41","slug":"dia-de-la-mujer-indigena-2018","status":"publish","type":"post","link":"https:\/\/vicerrectorias.utp.edu.co\/responsabilidad-social\/dia-de-la-mujer-indigena-2018\/","title":{"rendered":"D\u00eda de la mujer ind\u00edgena 2018"},"content":{"rendered":"\n<div>\n<p><span class=\"post-content__span\"> D\u00eda de la mujer ind\u00edgena<\/p>\n<\/div>\n\n\n\n<div>\n<div>\n<div>&nbsp;<\/div>\n<\/div>\n<div>\n<div>\n<p><span class=\"post-content__span\"> <img decoding=\"async\" src=\"https:\/\/comunicaciones.utp.edu.co\/wp-content\/uploads\/sites\/2\/Dia-de-la-mujer-indigena-minatura.jpg\">El Cabildo Ind\u00edgena Universitario UTP, ha realizando diferentes eventos dentro del campus universitario en pro de reivindicar y fortalecer los procesos culturales. En esta ocasi\u00f3n est\u00e1 organizando el evento para dar a conocer e invitar a participar a toda la comunidad universitaria de los procesos que han llevado a cabo las mujeres ind\u00edgenas.<\/p>\n<figure><img decoding=\"async\" src=\"https:\/\/comunicaciones.utp.edu.co\/wp-content\/uploads\/sites\/2\/Dia-de-la-mujer-indigena.jpg\"><\/figure><p><span class=\"post-content__span\"> <\/p>\n<div>&nbsp;<\/div>\n<\/div>\n<\/div>\n<\/div>\n","protected":false},"excerpt":{"rendered":"<p>D\u00eda de la mujer ind\u00edgena &nbsp; El Cabildo Ind\u00edgena Universitario UTP, ha realizando diferentes eventos dentro del campus universitario en [&hellip;]<\/p>\n","protected":false},"author":0,"featured_media":60363,"comment_status":"closed","ping_status":"closed","sticky":false,"template":"","format":"standard","meta":{"footnotes":""},"categories":[3],"tags":[],"class_list":["post-5171","post","type-post","status-publish","format-standard","has-post-thumbnail","hentry","category-noticias"],"_links":{"self":[{"href":"https:\/\/vicerrectorias.utp.edu.co\/responsabilidad-social\/wp-json\/wp\/v2\/posts\/5171","targetHints":{"allow":["GET"]}}],"collection":[{"href":"https:\/\/vicerrectorias.utp.edu.co\/responsabilidad-social\/wp-json\/wp\/v2\/posts"}],"about":[{"href":"https:\/\/vicerrectorias.utp.edu.co\/responsabilidad-social\/wp-json\/wp\/v2\/types\/post"}],"replies":[{"embeddable":true,"href":"https:\/\/vicerrectorias.utp.edu.co\/responsabilidad-social\/wp-json\/wp\/v2\/comments?post=5171"}],"version-history":[{"count":1,"href":"https:\/\/vicerrectorias.utp.edu.co\/responsabilidad-social\/wp-json\/wp\/v2\/posts\/5171\/revisions"}],"predecessor-version":[{"id":9107,"href":"https:\/\/vicerrectorias.utp.edu.co\/responsabilidad-social\/wp-json\/wp\/v2\/posts\/5171\/revisions\/9107"}],"wp:featuredmedia":[{"embeddable":true,"href":"https:\/\/vicerrectorias.utp.edu.co\/responsabilidad-social\/wp-json\/wp\/v2\/media\/60363"}],"wp:attachment":[{"href":"https:\/\/vicerrectorias.utp.edu.co\/responsabilidad-social\/wp-json\/wp\/v2\/media?parent=5171"}],"wp:term":[{"taxonomy":"category","embeddable":true,"href":"https:\/\/vicerrectorias.utp.edu.co\/responsabilidad-social\/wp-json\/wp\/v2\/categories?post=5171"},{"taxonomy":"post_tag","embeddable":true,"href":"https:\/\/vicerrectorias.utp.edu.co\/responsabilidad-social\/wp-json\/wp\/v2\/tags?post=5171"}],"curies":[{"name":"wp","href":"https:\/\/api.w.org\/{rel}","templated":true}]}}