{"id":5141,"date":"2018-08-31T10:59:05","date_gmt":"2018-08-31T08:59:05","guid":{"rendered":""},"modified":"2024-08-15T14:37:30","modified_gmt":"2024-08-15T12:37:30","slug":"audicion-2018-ii-de-la-orquesta-sinfonica-utp","status":"publish","type":"post","link":"https:\/\/vicerrectorias.utp.edu.co\/responsabilidad-social\/audicion-2018-ii-de-la-orquesta-sinfonica-utp\/","title":{"rendered":"Audici\u00f3n 2018 &#8211; II de la Orquesta Sinf\u00f3nica UTP"},"content":{"rendered":"\n<p><span class=\"post-content__span\"> Audici\u00f3n 2018 &#8211; II de la Orquesta Sinf\u00f3nica UTP<\/p>\n\n\n\n<p><span class=\"post-content__span\"> <img decoding=\"async\" alt=\"Audici\u00f3n 2018 - II de la Orquesta Sinf\u00f3nica UTP\" src=\"https:\/\/comunicaciones.utp.edu.co\/wp-content\/uploads\/sites\/2\/logo-vice-RSBU-294x176.jpg\">El pr\u00f3ximo 03 de septiembre de 2018 se realizar\u00e1 la siguiente audici\u00f3n.:<\/p>\n\n\n\n<p><span class=\"post-content__span\"> <strong>La Vicerrector\u00eda de Responsabilidad Social y Bienestar Universitario<\/strong><\/p>\n\n\n\n<p><span class=\"post-content__span\"> <strong>y la Facultad de Bellas Artes y Humanidades &#8211; UTP<\/strong><\/p>\n\n\n\n<p><span class=\"post-content__span\"> <strong>CONVOCATORIA AUDICIONES<\/strong><\/p>\n\n\n\n<p><span class=\"post-content__span\"> <strong>Orquesta Sinf\u00f3nica<\/strong><\/p>\n\n\n\n<p><span class=\"post-content__span\"> <strong>Director Leopoldo L\u00f3pez Gonz\u00e1lez<\/strong><\/p>\n\n\n\n<p><span class=\"post-content__span\"> <strong>ESTUDIANTES CON POSIBILIDAD DE OSTENTAR MONITOR\u00cdA Y ASISTENTES \u2013 INVITADOS:<\/strong><\/p>\n\n\n\n<p><span class=\"post-content__span\"> Corno franc\u00e9s<\/p>\n\n\n\n<p><span class=\"post-content__span\"> Tuba<\/p>\n\n\n\n<p><span class=\"post-content__span\"> <strong>Fecha de Audici\u00f3n<\/strong><\/p>\n\n\n\n<p><span class=\"post-content__span\"> 3 de septiembre de 2018<\/p>\n\n\n\n<p><span class=\"post-content__span\"> Teatro Bellas Artes<\/p>\n\n\n\n<p><span class=\"post-content__span\"> Universidad Tecnol\u00f3gica de Pereira \u2013 Bloque 12<\/p>\n\n\n\n<p><span class=\"post-content__span\"> Inicio: 1:00pm<\/p>\n\n\n\n<p><span class=\"post-content__span\"> \u266b Repertorio a audicionar<strong>:&nbsp;<\/strong><\/p>\n\n\n\n<p><span class=\"post-content__span\"> &nbsp;Dos obras \u00f3 movimientos de car\u00e1cter contratante<\/p>\n\n\n\n<p><span class=\"post-content__span\"> &nbsp;Pasajes orquestales relevantes de la obertura \u00abRomeo y Julieta\u00bb de Tchaikovsk<\/p>\n","protected":false},"excerpt":{"rendered":"<p>Audici\u00f3n 2018 &#8211; II de la Orquesta Sinf\u00f3nica UTP El pr\u00f3ximo 03 de septiembre de 2018 se realizar\u00e1 la siguiente [&hellip;]<\/p>\n","protected":false},"author":0,"featured_media":60360,"comment_status":"closed","ping_status":"closed","sticky":false,"template":"","format":"standard","meta":{"footnotes":""},"categories":[3],"tags":[],"class_list":["post-5141","post","type-post","status-publish","format-standard","has-post-thumbnail","hentry","category-noticias"],"_links":{"self":[{"href":"https:\/\/vicerrectorias.utp.edu.co\/responsabilidad-social\/wp-json\/wp\/v2\/posts\/5141","targetHints":{"allow":["GET"]}}],"collection":[{"href":"https:\/\/vicerrectorias.utp.edu.co\/responsabilidad-social\/wp-json\/wp\/v2\/posts"}],"about":[{"href":"https:\/\/vicerrectorias.utp.edu.co\/responsabilidad-social\/wp-json\/wp\/v2\/types\/post"}],"replies":[{"embeddable":true,"href":"https:\/\/vicerrectorias.utp.edu.co\/responsabilidad-social\/wp-json\/wp\/v2\/comments?post=5141"}],"version-history":[{"count":3,"href":"https:\/\/vicerrectorias.utp.edu.co\/responsabilidad-social\/wp-json\/wp\/v2\/posts\/5141\/revisions"}],"predecessor-version":[{"id":9110,"href":"https:\/\/vicerrectorias.utp.edu.co\/responsabilidad-social\/wp-json\/wp\/v2\/posts\/5141\/revisions\/9110"}],"wp:featuredmedia":[{"embeddable":true,"href":"https:\/\/vicerrectorias.utp.edu.co\/responsabilidad-social\/wp-json\/wp\/v2\/media\/60360"}],"wp:attachment":[{"href":"https:\/\/vicerrectorias.utp.edu.co\/responsabilidad-social\/wp-json\/wp\/v2\/media?parent=5141"}],"wp:term":[{"taxonomy":"category","embeddable":true,"href":"https:\/\/vicerrectorias.utp.edu.co\/responsabilidad-social\/wp-json\/wp\/v2\/categories?post=5141"},{"taxonomy":"post_tag","embeddable":true,"href":"https:\/\/vicerrectorias.utp.edu.co\/responsabilidad-social\/wp-json\/wp\/v2\/tags?post=5141"}],"curies":[{"name":"wp","href":"https:\/\/api.w.org\/{rel}","templated":true}]}}