{"id":5131,"date":"2018-08-30T12:17:29","date_gmt":"2018-08-30T10:17:29","guid":{"rendered":""},"modified":"2024-08-20T09:56:37","modified_gmt":"2024-08-20T07:56:37","slug":"listado-imposicion-de-escudos-2018","status":"publish","type":"post","link":"https:\/\/vicerrectorias.utp.edu.co\/responsabilidad-social\/listado-imposicion-de-escudos-2018\/","title":{"rendered":"Listado Imposici\u00f3n de Escudos 2018"},"content":{"rendered":"\n<p><span class=\"post-content__span\"> Listado Imposici\u00f3n de Escudos 2018<\/p>\n\n\n\n<p><span class=\"post-content__span\"> La oficina de Gesti\u00f3n del Talento Humano comparte a la comunidad universitaria el listado de personal activo de la Instituci\u00f3n que cumple con los requisitos para recibir la condecoraci\u00f3n por a\u00f1os de servicios &#8211; Imposici\u00f3n&nbsp;de Escudos 2018.&nbsp;<\/p>\n\n\n\n<p><span class=\"post-content__span\"> Este es un reconocimiento que se hace por cada quinquenio (5 a\u00f1os) a partir de los diez (10) a\u00f1os de servicio a la instituci\u00f3n.<\/p>\n\n\n\n<p><span class=\"post-content__span\"> El evento se realizar\u00e1 el d\u00eda 9 de noviembre de 2018.<\/p>\n\n\n\n<p><span class=\"post-content__span\"> Por favor verifique la informaci\u00f3n y en caso de presentar alguna inconsistencia ya sea que tiene derecho y no aparece en el listado o recibi\u00f3 condecoraci\u00f3n por los mismos a\u00f1os de servicio durante los a\u00f1os 2014 al 2017, comunicarse en la ext. 7748 o al correo&nbsp;<a href=\"mailto:desarrolloth@utp.edu.co\" target=\"_blank\" rel=\"noreferrer noopener\">desarrolloth@utp.edu.co<\/a>, antes del 20 de septiembre de 2018.<\/p>\n\n\n\n<p><span class=\"post-content__span\"> <a href=\"https:\/\/www.utp.edu.co\/cms-utp\/data\/bin\/UTP\/web\/uploads\/media\/comunicaciones\/documentos\/Listado-Imposicion-de-Escudos-2018.pdf\">Ver listado<\/a><\/p>\n","protected":false},"excerpt":{"rendered":"<p>Listado Imposici\u00f3n de Escudos 2018 La oficina de Gesti\u00f3n del Talento Humano comparte a la comunidad universitaria el listado de [&hellip;]<\/p>\n","protected":false},"author":0,"featured_media":60359,"comment_status":"closed","ping_status":"closed","sticky":false,"template":"","format":"standard","meta":{"footnotes":""},"categories":[3],"tags":[],"class_list":["post-5131","post","type-post","status-publish","format-standard","has-post-thumbnail","hentry","category-noticias"],"_links":{"self":[{"href":"https:\/\/vicerrectorias.utp.edu.co\/responsabilidad-social\/wp-json\/wp\/v2\/posts\/5131","targetHints":{"allow":["GET"]}}],"collection":[{"href":"https:\/\/vicerrectorias.utp.edu.co\/responsabilidad-social\/wp-json\/wp\/v2\/posts"}],"about":[{"href":"https:\/\/vicerrectorias.utp.edu.co\/responsabilidad-social\/wp-json\/wp\/v2\/types\/post"}],"replies":[{"embeddable":true,"href":"https:\/\/vicerrectorias.utp.edu.co\/responsabilidad-social\/wp-json\/wp\/v2\/comments?post=5131"}],"version-history":[{"count":2,"href":"https:\/\/vicerrectorias.utp.edu.co\/responsabilidad-social\/wp-json\/wp\/v2\/posts\/5131\/revisions"}],"predecessor-version":[{"id":61176,"href":"https:\/\/vicerrectorias.utp.edu.co\/responsabilidad-social\/wp-json\/wp\/v2\/posts\/5131\/revisions\/61176"}],"wp:featuredmedia":[{"embeddable":true,"href":"https:\/\/vicerrectorias.utp.edu.co\/responsabilidad-social\/wp-json\/wp\/v2\/media\/60359"}],"wp:attachment":[{"href":"https:\/\/vicerrectorias.utp.edu.co\/responsabilidad-social\/wp-json\/wp\/v2\/media?parent=5131"}],"wp:term":[{"taxonomy":"category","embeddable":true,"href":"https:\/\/vicerrectorias.utp.edu.co\/responsabilidad-social\/wp-json\/wp\/v2\/categories?post=5131"},{"taxonomy":"post_tag","embeddable":true,"href":"https:\/\/vicerrectorias.utp.edu.co\/responsabilidad-social\/wp-json\/wp\/v2\/tags?post=5131"}],"curies":[{"name":"wp","href":"https:\/\/api.w.org\/{rel}","templated":true}]}}