{"id":5121,"date":"2018-08-27T11:37:54","date_gmt":"2018-08-27T09:37:54","guid":{"rendered":""},"modified":"2024-08-16T11:21:37","modified_gmt":"2024-08-16T09:21:37","slug":"dialogo-administrativos-vicerrectoria-academica","status":"publish","type":"post","link":"https:\/\/vicerrectorias.utp.edu.co\/responsabilidad-social\/dialogo-administrativos-vicerrectoria-academica\/","title":{"rendered":"Di\u00e1logo Administrativos, Vicerrectoria Acad\u00e9mica"},"content":{"rendered":"\n<p><span class=\"post-content__span\"> Di\u00e1logo con Administrativos, Vicerrector\u00eda Acad\u00e9mica<\/p>\n\n\n\n<p><span class=\"post-content__span\"> <img decoding=\"async\" src=\"https:\/\/comunicaciones.utp.edu.co\/wp-content\/uploads\/sites\/2\/Dialogo-con-Administrativos-Vicerrectoria-Academica-minatura.jpg\" alt=\"Di\u00e1logo con Administrativos, Vicerrector\u00eda Acad\u00e9mica\"><\/p>\n\n\n\n<p><span class=\"post-content__span\"> Ven p\u00e9gate al plan, te esperamos en el Di\u00e1logo con la Vicerrector\u00eda Acad\u00e9mica y sus dependencias:\u00a0 Administraci\u00f3n, Registro y Control Acad\u00e9mico, Biblioteca e Informaci\u00f3n Cient\u00edfica, Recursos Inform\u00e1ticos y Administrativos, Gesti\u00f3n Institucional para la Docencia, Univirtual, Ciarp, Personal Administrativo de las Facultades.<\/p>\n\n\n\n<p><span class=\"post-content__span\"> Porque tu aporte es vital para el desarrollo de la UTP.<\/p>\n\n\n\n<p><span class=\"post-content__span\"> \u00a1Esperamos contar con tu presencia!<\/p>\n","protected":false},"excerpt":{"rendered":"<p>Di\u00e1logo con Administrativos, Vicerrector\u00eda Acad\u00e9mica Ven p\u00e9gate al plan, te esperamos en el Di\u00e1logo con la Vicerrector\u00eda Acad\u00e9mica y sus [&hellip;]<\/p>\n","protected":false},"author":0,"featured_media":60358,"comment_status":"closed","ping_status":"closed","sticky":false,"template":"","format":"standard","meta":{"footnotes":""},"categories":[3],"tags":[],"class_list":["post-5121","post","type-post","status-publish","format-standard","has-post-thumbnail","hentry","category-noticias"],"_links":{"self":[{"href":"https:\/\/vicerrectorias.utp.edu.co\/responsabilidad-social\/wp-json\/wp\/v2\/posts\/5121","targetHints":{"allow":["GET"]}}],"collection":[{"href":"https:\/\/vicerrectorias.utp.edu.co\/responsabilidad-social\/wp-json\/wp\/v2\/posts"}],"about":[{"href":"https:\/\/vicerrectorias.utp.edu.co\/responsabilidad-social\/wp-json\/wp\/v2\/types\/post"}],"replies":[{"embeddable":true,"href":"https:\/\/vicerrectorias.utp.edu.co\/responsabilidad-social\/wp-json\/wp\/v2\/comments?post=5121"}],"version-history":[{"count":3,"href":"https:\/\/vicerrectorias.utp.edu.co\/responsabilidad-social\/wp-json\/wp\/v2\/posts\/5121\/revisions"}],"predecessor-version":[{"id":60935,"href":"https:\/\/vicerrectorias.utp.edu.co\/responsabilidad-social\/wp-json\/wp\/v2\/posts\/5121\/revisions\/60935"}],"wp:featuredmedia":[{"embeddable":true,"href":"https:\/\/vicerrectorias.utp.edu.co\/responsabilidad-social\/wp-json\/wp\/v2\/media\/60358"}],"wp:attachment":[{"href":"https:\/\/vicerrectorias.utp.edu.co\/responsabilidad-social\/wp-json\/wp\/v2\/media?parent=5121"}],"wp:term":[{"taxonomy":"category","embeddable":true,"href":"https:\/\/vicerrectorias.utp.edu.co\/responsabilidad-social\/wp-json\/wp\/v2\/categories?post=5121"},{"taxonomy":"post_tag","embeddable":true,"href":"https:\/\/vicerrectorias.utp.edu.co\/responsabilidad-social\/wp-json\/wp\/v2\/tags?post=5121"}],"curies":[{"name":"wp","href":"https:\/\/api.w.org\/{rel}","templated":true}]}}