{"id":5081,"date":"2018-08-09T11:32:07","date_gmt":"2018-08-09T09:32:07","guid":{"rendered":""},"modified":"2024-08-15T15:52:41","modified_gmt":"2024-08-15T13:52:41","slug":"primer-concierto-del-semestre-orquesta-sinfonica","status":"publish","type":"post","link":"https:\/\/vicerrectorias.utp.edu.co\/responsabilidad-social\/primer-concierto-del-semestre-orquesta-sinfonica\/","title":{"rendered":"Primer concierto del semestre Orquesta Sinf\u00f3nica"},"content":{"rendered":"\n<p><span class=\"post-content__span\"> <span>Se comparte informaci\u00f3n al&nbsp;primer concierto del semestre de la Orquesta Sinf\u00f3nica UTP que se llevar\u00e1 a cabo&nbsp;el jueves 9 de agosto a las 6:30 p.m. en el Galp\u00f3n con un repertorio de m\u00fasica colombiana. El acceso al espacio es libre&nbsp;y gratuito.<\/span><\/p>\n\n\n\n<figure class=\"wp-block-image\"><img decoding=\"async\" src=\"https:\/\/vicerrectorias.utp.edu.co\/responsabilidad-social\/wp-content\/uploads\/sites\/12\/homenaje-a-colombia.png\" alt=\"\"\/><\/figure>\n","protected":false},"excerpt":{"rendered":"<p>Se comparte informaci\u00f3n al&nbsp;primer concierto del semestre de la Orquesta Sinf\u00f3nica UTP que se llevar\u00e1 a cabo&nbsp;el jueves 9 de [&hellip;]<\/p>\n","protected":false},"author":0,"featured_media":60354,"comment_status":"closed","ping_status":"closed","sticky":false,"template":"","format":"standard","meta":{"footnotes":""},"categories":[3],"tags":[],"class_list":["post-5081","post","type-post","status-publish","format-standard","has-post-thumbnail","hentry","category-noticias"],"_links":{"self":[{"href":"https:\/\/vicerrectorias.utp.edu.co\/responsabilidad-social\/wp-json\/wp\/v2\/posts\/5081","targetHints":{"allow":["GET"]}}],"collection":[{"href":"https:\/\/vicerrectorias.utp.edu.co\/responsabilidad-social\/wp-json\/wp\/v2\/posts"}],"about":[{"href":"https:\/\/vicerrectorias.utp.edu.co\/responsabilidad-social\/wp-json\/wp\/v2\/types\/post"}],"replies":[{"embeddable":true,"href":"https:\/\/vicerrectorias.utp.edu.co\/responsabilidad-social\/wp-json\/wp\/v2\/comments?post=5081"}],"version-history":[{"count":1,"href":"https:\/\/vicerrectorias.utp.edu.co\/responsabilidad-social\/wp-json\/wp\/v2\/posts\/5081\/revisions"}],"predecessor-version":[{"id":9116,"href":"https:\/\/vicerrectorias.utp.edu.co\/responsabilidad-social\/wp-json\/wp\/v2\/posts\/5081\/revisions\/9116"}],"wp:featuredmedia":[{"embeddable":true,"href":"https:\/\/vicerrectorias.utp.edu.co\/responsabilidad-social\/wp-json\/wp\/v2\/media\/60354"}],"wp:attachment":[{"href":"https:\/\/vicerrectorias.utp.edu.co\/responsabilidad-social\/wp-json\/wp\/v2\/media?parent=5081"}],"wp:term":[{"taxonomy":"category","embeddable":true,"href":"https:\/\/vicerrectorias.utp.edu.co\/responsabilidad-social\/wp-json\/wp\/v2\/categories?post=5081"},{"taxonomy":"post_tag","embeddable":true,"href":"https:\/\/vicerrectorias.utp.edu.co\/responsabilidad-social\/wp-json\/wp\/v2\/tags?post=5081"}],"curies":[{"name":"wp","href":"https:\/\/api.w.org\/{rel}","templated":true}]}}