{"id":5061,"date":"2018-08-02T10:46:50","date_gmt":"2018-08-02T08:46:50","guid":{"rendered":""},"modified":"2024-08-15T14:39:38","modified_gmt":"2024-08-15T12:39:38","slug":"audicion-orquesta-sinfonica-2018-2","status":"publish","type":"post","link":"https:\/\/vicerrectorias.utp.edu.co\/responsabilidad-social\/audicion-orquesta-sinfonica-2018-2\/","title":{"rendered":"Audici\u00f3n Orquesta Sinf\u00f3nica 2018 2"},"content":{"rendered":"\n<p><span class=\"post-content__span\"> Convocatoria Orquesta Sinf\u00f3nica UTP<\/p>\n\n\n\n<p><span class=\"post-content__span\"> <img decoding=\"async\" alt=\"Convocatoria Orquesta Sinf\u00f3nica UTP\" src=\"https:\/\/comunicaciones.utp.edu.co\/wp-content\/uploads\/sites\/2\/logo-vicerrectoria-de-responsabilidad-social-294X176.jpg\">Se comparte informaci\u00f3n sobre la&nbsp;Audici\u00f3n No.2 Semestre&nbsp;2018 &#8211; II de la Orquesta Sinf\u00f3nica UTP,&nbsp;<a href=\"https:\/\/www.utp.edu.co\/cms-utp\/data\/bin\/UTP\/web\/uploads\/media\/comunicaciones\/documentos\/CONVOCATORIA-ORQUESTA-SINFONICA-UTP.pdf\">ver adjunto.<\/a><\/p>\n","protected":false},"excerpt":{"rendered":"<p>Convocatoria Orquesta Sinf\u00f3nica UTP Se comparte informaci\u00f3n sobre la&nbsp;Audici\u00f3n No.2 Semestre&nbsp;2018 &#8211; II de la Orquesta Sinf\u00f3nica UTP,&nbsp;ver adjunto.<\/p>\n","protected":false},"author":0,"featured_media":60352,"comment_status":"closed","ping_status":"closed","sticky":false,"template":"","format":"standard","meta":{"footnotes":""},"categories":[3],"tags":[],"class_list":["post-5061","post","type-post","status-publish","format-standard","has-post-thumbnail","hentry","category-noticias"],"_links":{"self":[{"href":"https:\/\/vicerrectorias.utp.edu.co\/responsabilidad-social\/wp-json\/wp\/v2\/posts\/5061","targetHints":{"allow":["GET"]}}],"collection":[{"href":"https:\/\/vicerrectorias.utp.edu.co\/responsabilidad-social\/wp-json\/wp\/v2\/posts"}],"about":[{"href":"https:\/\/vicerrectorias.utp.edu.co\/responsabilidad-social\/wp-json\/wp\/v2\/types\/post"}],"replies":[{"embeddable":true,"href":"https:\/\/vicerrectorias.utp.edu.co\/responsabilidad-social\/wp-json\/wp\/v2\/comments?post=5061"}],"version-history":[{"count":2,"href":"https:\/\/vicerrectorias.utp.edu.co\/responsabilidad-social\/wp-json\/wp\/v2\/posts\/5061\/revisions"}],"predecessor-version":[{"id":9118,"href":"https:\/\/vicerrectorias.utp.edu.co\/responsabilidad-social\/wp-json\/wp\/v2\/posts\/5061\/revisions\/9118"}],"wp:featuredmedia":[{"embeddable":true,"href":"https:\/\/vicerrectorias.utp.edu.co\/responsabilidad-social\/wp-json\/wp\/v2\/media\/60352"}],"wp:attachment":[{"href":"https:\/\/vicerrectorias.utp.edu.co\/responsabilidad-social\/wp-json\/wp\/v2\/media?parent=5061"}],"wp:term":[{"taxonomy":"category","embeddable":true,"href":"https:\/\/vicerrectorias.utp.edu.co\/responsabilidad-social\/wp-json\/wp\/v2\/categories?post=5061"},{"taxonomy":"post_tag","embeddable":true,"href":"https:\/\/vicerrectorias.utp.edu.co\/responsabilidad-social\/wp-json\/wp\/v2\/tags?post=5061"}],"curies":[{"name":"wp","href":"https:\/\/api.w.org\/{rel}","templated":true}]}}