{"id":5041,"date":"2018-07-24T14:08:19","date_gmt":"2018-07-24T12:08:19","guid":{"rendered":""},"modified":"2024-08-20T14:38:41","modified_gmt":"2024-08-20T12:38:41","slug":"utp-por-primera-vez-dialogo-con-administrativos","status":"publish","type":"post","link":"https:\/\/vicerrectorias.utp.edu.co\/responsabilidad-social\/utp-por-primera-vez-dialogo-con-administrativos\/","title":{"rendered":"UTP por primera vez, Di\u00e1logo con Administrativos"},"content":{"rendered":"\n<p><span class=\"post-content__span\"> UTP realiz\u00f3 por primera vez, Di\u00e1logo con Administrativos<\/p>\n\n\n\n<figure class=\"wp-block-image\"><img decoding=\"async\" src=\"https:\/\/vicerrectorias.utp.edu.co\/responsabilidad-social\/wp-content\/uploads\/sites\/12\/513A1755.jpg\" alt=\"\"\/><\/figure>\n\n\n\n<figure class=\"wp-block-image\"><img decoding=\"async\" src=\"https:\/\/vicerrectorias.utp.edu.co\/responsabilidad-social\/wp-content\/uploads\/sites\/12\/513A1827_1%282%29.jpg\" alt=\"\"\/><\/figure>\n\n\n\n<figure class=\"wp-block-image\"><img decoding=\"async\" src=\"https:\/\/vicerrectorias.utp.edu.co\/responsabilidad-social\/wp-content\/uploads\/sites\/12\/513A1848.jpg\" alt=\"\"\/><\/figure>\n\n\n\n<p><span class=\"post-content__span\"> Agradeciendo el espacio de di\u00e1logo abierto y presentando los avances de las vicerrector\u00edas de Responsabilidad Social y Bienestar Universitario e Investigaci\u00f3n, Innovaci\u00f3n y Extensi\u00f3n, se cumpli\u00f3 el primero de los seis Di\u00e1logos con Administrativos, que se realizar\u00e1n en la Universidad Tecnol\u00f3gica de Pereira.<\/p>\n\n\n\n<p><span class=\"post-content__span\"> El rector Luis Fernando Gaviria Trujillo durante su instalaci\u00f3n, resalt\u00f3&nbsp;la importancia de todos los funcionarios para el desarrollo misional de la U y les pidi\u00f3 entrar en un di\u00e1logo franco a fin de conocer sus apreciaciones e inquietudes para fortalecer y mejorar la Universidad.<\/p>\n\n\n\n<p><span class=\"post-content__span\"> La vicerrectora de Responsabilidad Social y Bienestar Universitario, Diana G\u00f3mez Botero, destac\u00f3 el momento hist\u00f3rico para la UTP, pues por primera vez un rector y su equipo directivo, se sientan&nbsp;a dialogar con el personal administrativo. Tambi\u00e9n destac\u00f3 el Premio Andesco, que acaba de recibir la U y en el que se reconoce a las empresas p\u00fablicas, por todo el trabajo adelantado en desarrollo sostenible.<\/p>\n\n\n\n<p><span class=\"post-content__span\"> Ver informaci\u00f3n completa en el&nbsp;<a href=\"https:\/\/www.utp.edu.co\/cms-utp\/data\/bin\/UTP\/web\/uploads\/media\/comunicaciones\/documentos\/Dialogo-VRSBU-IIE.doc\">documento adjunto<\/a><\/p>\n","protected":false},"excerpt":{"rendered":"<p>UTP realiz\u00f3 por primera vez, Di\u00e1logo con Administrativos Agradeciendo el espacio de di\u00e1logo abierto y presentando los avances de las [&hellip;]<\/p>\n","protected":false},"author":0,"featured_media":60350,"comment_status":"closed","ping_status":"closed","sticky":false,"template":"","format":"standard","meta":{"footnotes":""},"categories":[3],"tags":[],"class_list":["post-5041","post","type-post","status-publish","format-standard","has-post-thumbnail","hentry","category-noticias"],"_links":{"self":[{"href":"https:\/\/vicerrectorias.utp.edu.co\/responsabilidad-social\/wp-json\/wp\/v2\/posts\/5041","targetHints":{"allow":["GET"]}}],"collection":[{"href":"https:\/\/vicerrectorias.utp.edu.co\/responsabilidad-social\/wp-json\/wp\/v2\/posts"}],"about":[{"href":"https:\/\/vicerrectorias.utp.edu.co\/responsabilidad-social\/wp-json\/wp\/v2\/types\/post"}],"replies":[{"embeddable":true,"href":"https:\/\/vicerrectorias.utp.edu.co\/responsabilidad-social\/wp-json\/wp\/v2\/comments?post=5041"}],"version-history":[{"count":2,"href":"https:\/\/vicerrectorias.utp.edu.co\/responsabilidad-social\/wp-json\/wp\/v2\/posts\/5041\/revisions"}],"predecessor-version":[{"id":61326,"href":"https:\/\/vicerrectorias.utp.edu.co\/responsabilidad-social\/wp-json\/wp\/v2\/posts\/5041\/revisions\/61326"}],"wp:featuredmedia":[{"embeddable":true,"href":"https:\/\/vicerrectorias.utp.edu.co\/responsabilidad-social\/wp-json\/wp\/v2\/media\/60350"}],"wp:attachment":[{"href":"https:\/\/vicerrectorias.utp.edu.co\/responsabilidad-social\/wp-json\/wp\/v2\/media?parent=5041"}],"wp:term":[{"taxonomy":"category","embeddable":true,"href":"https:\/\/vicerrectorias.utp.edu.co\/responsabilidad-social\/wp-json\/wp\/v2\/categories?post=5041"},{"taxonomy":"post_tag","embeddable":true,"href":"https:\/\/vicerrectorias.utp.edu.co\/responsabilidad-social\/wp-json\/wp\/v2\/tags?post=5041"}],"curies":[{"name":"wp","href":"https:\/\/api.w.org\/{rel}","templated":true}]}}