{"id":5031,"date":"2018-07-24T09:28:25","date_gmt":"2018-07-24T07:28:25","guid":{"rendered":""},"modified":"2024-08-15T15:52:42","modified_gmt":"2024-08-15T13:52:42","slug":"la-utp-recibe-a-sus-nuevos-estudiantes","status":"publish","type":"post","link":"https:\/\/vicerrectorias.utp.edu.co\/responsabilidad-social\/la-utp-recibe-a-sus-nuevos-estudiantes\/","title":{"rendered":"La UTP recibe a sus nuevos estudiantes"},"content":{"rendered":"\n<p><span class=\"post-content__span\"> Con actividades culturales la UTP recibe a los nuevos estudiantes<\/p>\n\n\n\n<figure class=\"wp-block-image\"><img decoding=\"async\" src=\"https:\/\/vicerrectorias.utp.edu.co\/responsabilidad-social\/wp-content\/uploads\/sites\/12\/513A2976.jpg\" alt=\"\"\/><\/figure>\n\n\n\n<figure class=\"wp-block-image\"><img decoding=\"async\" src=\"https:\/\/vicerrectorias.utp.edu.co\/responsabilidad-social\/wp-content\/uploads\/sites\/12\/513A2992.jpg\" alt=\"\"\/><\/figure>\n\n\n\n<figure class=\"wp-block-image\"><img decoding=\"async\" src=\"https:\/\/vicerrectorias.utp.edu.co\/responsabilidad-social\/wp-content\/uploads\/sites\/12\/513A2990.jpg\" alt=\"\"\/><\/figure>\n\n\n\n<p><span class=\"post-content__span\"> Los directivos de La Universidad Tecnol\u00f3gica de Pereira dan la bienvenida a los nuevos estudiantes de los diferentes programas acad\u00e9micos de la instituci\u00f3n, durante la semana los alumnos participan del proceso de adaptaci\u00f3n y acercamiento al mundo universitario.<\/p>\n\n\n\n<p><span class=\"post-content__span\"> Los eventos de bienvenida se desarrollan con el objetivo de facilitar la adaptaci\u00f3n del estudiante de primer semestre, por medio del desarrollo de actividades culturales, acad\u00e9micas y de integraci\u00f3n que permitan la inmersi\u00f3n a la vida universitaria, generando sentido de pertenencia por la Instituci\u00f3n.<\/p>\n\n\n\n<p><span class=\"post-content__span\"> Esta semana los padres de familia de los nuevos estudiantes de la Universidad Tecnol\u00f3gica de Pereira, tambi\u00e9n tendr\u00e1n un encuentro con las directivas de la instituci\u00f3n, con el fin de involucrarlos y hacerlos parte del importante proceso educativo que inician los estudiantes.<\/p>\n\n\n\n<p><span class=\"post-content__span\"> Los nuevos estudiantes UTP disfrutaron de actividades culturales y recreativas durante las jornadas&nbsp;<\/p>\n","protected":false},"excerpt":{"rendered":"<p>Con actividades culturales la UTP recibe a los nuevos estudiantes Los directivos de La Universidad Tecnol\u00f3gica de Pereira dan la [&hellip;]<\/p>\n","protected":false},"author":0,"featured_media":60349,"comment_status":"closed","ping_status":"closed","sticky":false,"template":"","format":"standard","meta":{"footnotes":""},"categories":[3],"tags":[],"class_list":["post-5031","post","type-post","status-publish","format-standard","has-post-thumbnail","hentry","category-noticias"],"_links":{"self":[{"href":"https:\/\/vicerrectorias.utp.edu.co\/responsabilidad-social\/wp-json\/wp\/v2\/posts\/5031","targetHints":{"allow":["GET"]}}],"collection":[{"href":"https:\/\/vicerrectorias.utp.edu.co\/responsabilidad-social\/wp-json\/wp\/v2\/posts"}],"about":[{"href":"https:\/\/vicerrectorias.utp.edu.co\/responsabilidad-social\/wp-json\/wp\/v2\/types\/post"}],"replies":[{"embeddable":true,"href":"https:\/\/vicerrectorias.utp.edu.co\/responsabilidad-social\/wp-json\/wp\/v2\/comments?post=5031"}],"version-history":[{"count":1,"href":"https:\/\/vicerrectorias.utp.edu.co\/responsabilidad-social\/wp-json\/wp\/v2\/posts\/5031\/revisions"}],"predecessor-version":[{"id":9121,"href":"https:\/\/vicerrectorias.utp.edu.co\/responsabilidad-social\/wp-json\/wp\/v2\/posts\/5031\/revisions\/9121"}],"wp:featuredmedia":[{"embeddable":true,"href":"https:\/\/vicerrectorias.utp.edu.co\/responsabilidad-social\/wp-json\/wp\/v2\/media\/60349"}],"wp:attachment":[{"href":"https:\/\/vicerrectorias.utp.edu.co\/responsabilidad-social\/wp-json\/wp\/v2\/media?parent=5031"}],"wp:term":[{"taxonomy":"category","embeddable":true,"href":"https:\/\/vicerrectorias.utp.edu.co\/responsabilidad-social\/wp-json\/wp\/v2\/categories?post=5031"},{"taxonomy":"post_tag","embeddable":true,"href":"https:\/\/vicerrectorias.utp.edu.co\/responsabilidad-social\/wp-json\/wp\/v2\/tags?post=5031"}],"curies":[{"name":"wp","href":"https:\/\/api.w.org\/{rel}","templated":true}]}}