{"id":5021,"date":"2018-07-24T09:20:04","date_gmt":"2018-07-24T07:20:04","guid":{"rendered":""},"modified":"2024-08-20T10:38:18","modified_gmt":"2024-08-20T08:38:18","slug":"nuevas-acreditaciones-para-la-utp","status":"publish","type":"post","link":"https:\/\/vicerrectorias.utp.edu.co\/responsabilidad-social\/nuevas-acreditaciones-para-la-utp\/","title":{"rendered":"Nuevas acreditaciones para la UTP"},"content":{"rendered":"\n<p><span class=\"post-content__span\"> La Universidad Tecnol\u00f3gica de Pereira recibe dos nuevas acreditaciones para sus programas<\/p>\n\n\n\n<p><span class=\"post-content__span\"> <img decoding=\"async\" alt=\"La Universidad Tecnol\u00f3gica de Pereira recibe dos nuevas acreditaciones para sus programas\" src=\"https:\/\/comunicaciones.utp.edu.co\/wp-content\/uploads\/sites\/2\/logo-UTP-294-X176-2018.jpg\">Con gran satisfacci\u00f3n la Instituci\u00f3n recibe el reconocimiento p\u00fablico de Alta Calidad del programa de Maestr\u00eda en Educaci\u00f3n,&nbsp;otorgado por el Ministerio de Educaci\u00f3n Nacional a trav\u00e9s de resoluci\u00f3n de acreditaci\u00f3n No.11580 del 17 de julio de 2018, por el termino de seis a\u00f1os.<\/p>\n\n\n\n<p><span class=\"post-content__span\"> Tambi\u00e9n La Universidad Tecnol\u00f3gica de Pereira se hizo acreedora al reconocimiento p\u00fablico de Acreditaci\u00f3n de Alta Calidad del programa de Ciencias del Deporte y la Recreaci\u00f3n, otorgado por el Ministerio de Educaci\u00f3n Nacional a trav\u00e9s de resoluci\u00f3n&nbsp;de acreditaci\u00f3n&nbsp;No. 11555 del 17 de julio de 2018 por el t\u00e9rmino de seis a\u00f1os.<\/p>\n\n\n\n<p><span class=\"post-content__span\"> Estos importantes reconocimientos a la calidad de la educaci\u00f3n que se entrega en la Instituci\u00f3n es gracias al trabajo de directivos y docentes de los programas de&nbsp;Maestr\u00eda en Educaci\u00f3n y de Ciencias del Deporte y la Recreaci\u00f3n, quienes realizaron un dedicado&nbsp;trabajo para el cumplimiento de los prop\u00f3sitos y objetivos, logrando as\u00ed altos niveles de calidad que impactan positivamente la instituci\u00f3n y a la sociedad.<\/p>\n","protected":false},"excerpt":{"rendered":"<p>La Universidad Tecnol\u00f3gica de Pereira recibe dos nuevas acreditaciones para sus programas Con gran satisfacci\u00f3n la Instituci\u00f3n recibe el reconocimiento [&hellip;]<\/p>\n","protected":false},"author":0,"featured_media":60348,"comment_status":"closed","ping_status":"closed","sticky":false,"template":"","format":"standard","meta":{"footnotes":""},"categories":[3],"tags":[],"class_list":["post-5021","post","type-post","status-publish","format-standard","has-post-thumbnail","hentry","category-noticias"],"_links":{"self":[{"href":"https:\/\/vicerrectorias.utp.edu.co\/responsabilidad-social\/wp-json\/wp\/v2\/posts\/5021","targetHints":{"allow":["GET"]}}],"collection":[{"href":"https:\/\/vicerrectorias.utp.edu.co\/responsabilidad-social\/wp-json\/wp\/v2\/posts"}],"about":[{"href":"https:\/\/vicerrectorias.utp.edu.co\/responsabilidad-social\/wp-json\/wp\/v2\/types\/post"}],"replies":[{"embeddable":true,"href":"https:\/\/vicerrectorias.utp.edu.co\/responsabilidad-social\/wp-json\/wp\/v2\/comments?post=5021"}],"version-history":[{"count":2,"href":"https:\/\/vicerrectorias.utp.edu.co\/responsabilidad-social\/wp-json\/wp\/v2\/posts\/5021\/revisions"}],"predecessor-version":[{"id":61208,"href":"https:\/\/vicerrectorias.utp.edu.co\/responsabilidad-social\/wp-json\/wp\/v2\/posts\/5021\/revisions\/61208"}],"wp:featuredmedia":[{"embeddable":true,"href":"https:\/\/vicerrectorias.utp.edu.co\/responsabilidad-social\/wp-json\/wp\/v2\/media\/60348"}],"wp:attachment":[{"href":"https:\/\/vicerrectorias.utp.edu.co\/responsabilidad-social\/wp-json\/wp\/v2\/media?parent=5021"}],"wp:term":[{"taxonomy":"category","embeddable":true,"href":"https:\/\/vicerrectorias.utp.edu.co\/responsabilidad-social\/wp-json\/wp\/v2\/categories?post=5021"},{"taxonomy":"post_tag","embeddable":true,"href":"https:\/\/vicerrectorias.utp.edu.co\/responsabilidad-social\/wp-json\/wp\/v2\/tags?post=5021"}],"curies":[{"name":"wp","href":"https:\/\/api.w.org\/{rel}","templated":true}]}}