{"id":5011,"date":"2018-07-23T09:15:06","date_gmt":"2018-07-23T07:15:06","guid":{"rendered":""},"modified":"2024-08-20T14:45:17","modified_gmt":"2024-08-20T12:45:17","slug":"ven-pegate-al-plan-masiva-asistencia-a-las-tomas","status":"publish","type":"post","link":"https:\/\/vicerrectorias.utp.edu.co\/responsabilidad-social\/ven-pegate-al-plan-masiva-asistencia-a-las-tomas\/","title":{"rendered":"Ven p\u00e9gate al Plan: Masiva asistencia a las Tomas"},"content":{"rendered":"\n<p><span class=\"post-content__span\"> Ven p\u00e9gate al Plan: Masiva asistencia a las Tomas con Facultades<\/p>\n\n\n\n<p><span class=\"post-content__span\"> <img decoding=\"async\" src=\"https:\/\/comunicaciones.utp.edu.co\/wp-content\/uploads\/sites\/2\/pegate-al-plan-campus.jpg\" alt=\"Ven p\u00e9gate al Plan: Masiva asistencia a las Tomas con Facultades\"><\/p>\n\n\n\n<p><span class=\"post-content__span\"> Hoy compartimos con la Comunidad de la Universidad Tecnol\u00f3gica de Pereira, los resultados de las Tomas con Facultades,estrategia de comunicaci\u00f3n que recorri\u00f3 once edificaciones del campus y que fue todo en \u00e9xito.<\/p>\n\n\n\n<p><span class=\"post-content__span\"> Durante tres semanas, se comparti\u00f3 informaci\u00f3n relevante con la comunidad universitaria (estudiantes, docentes y administrativos) visitando los salones de clases, oficinas y laboratorios, as\u00ed mismo se cont\u00f3 con un Stand ubicado estrat\u00e9gicamente en cada bloque.<\/p>\n\n\n\n<p><span class=\"post-content__span\"> En total se logr\u00f3 impactar a 1648 personas, de las cuales 1118 respondieron la encuesta dise\u00f1ada para estas jornadas, en la consignaron inquietudes, sugerencias y requerimientos, que ser\u00e1n la base del proceso de aprestamiento del nuevo Plan de Desarrollo Institucional y el Proceso de Autoevaluaci\u00f3n con fines de Reacreditaci\u00f3n.<\/p>\n\n\n\n<p><span class=\"post-content__span\"> A trav\u00e9s de di\u00e1logos o con concursos se difundi\u00f3 en qu\u00e9 est\u00e1 la Universidad, cu\u00e1les son los retos del nuevo per\u00edodo del rector, Luis Fernando Gaviria 2018-2020, los avances del Plan de Desarrollo Institucional, el proceso de aprestamiento para la formulaci\u00f3n del nuevo Plan de Desarrollo Institucional y del proceso de Autoevaluaci\u00f3n con fines de Reacreditaci\u00f3n.<\/p>\n\n\n\n<p><span class=\"post-content__span\"> Te invitamos a ver el siguiente video ingresando al link&nbsp;<a href=\"https:\/\/youtu.be\/Td_zbbhTLDc\">https:\/\/youtu.be\/Td_zbbhTLDc<\/a>&nbsp;que resumen esta jornada, pero tambi\u00e9n a que ingreses a&nbsp;<a href=\"https:\/\/www.utp.edu.co\/PDI\/noticias\/pegatealplan\" target=\"_blank\" rel=\"noreferrer noopener\">www.utp.edu.co\/PDI\/noticias\/pegatealplan<\/a>&nbsp;&nbsp;all\u00ed podr\u00e1s conocer y consultar:<\/p>\n\n\n\n<p><span class=\"post-content__span\"> \u00b7&nbsp;&nbsp;&nbsp;&nbsp;&nbsp;&nbsp;&nbsp;&nbsp;&nbsp;Los resultados PDI 2017<\/p>\n\n\n\n<p><span class=\"post-content__span\"> \u00b7&nbsp;&nbsp;&nbsp;&nbsp;&nbsp;&nbsp;&nbsp;&nbsp;&nbsp;El Programa de Gobierno Rector 2018-2020<\/p>\n\n\n\n<p><span class=\"post-content__span\"> \u00b7&nbsp;&nbsp;&nbsp;&nbsp;&nbsp;&nbsp;&nbsp;&nbsp;&nbsp;Tambi\u00e9n podr\u00e1s ingresar a Estad\u00edsticas e indicadores<\/p>\n\n\n\n<p><span class=\"post-content__span\"> \u00b7&nbsp;&nbsp;&nbsp;&nbsp;&nbsp;&nbsp;&nbsp;&nbsp;&nbsp;Y participar de la Formulaci\u00f3n del nuevo Plan de Desarrollo Institucional y el proceso de autoevaluaci\u00f3n con fines de recreaditaci\u00f3n en la Urna Cristal.<\/p>\n\n\n\n<p><span class=\"post-content__span\"> Para el Rector de la Universidad y la Alta Direcci\u00f3n es muy importante que la comunidad de la UTP est\u00e9 informada, participe y haga parte de \u201cLa Universidad que tenemos en mente\u201d.<\/p>\n\n\n\n<p><span class=\"post-content__span\"> Conoce el video:<\/p>\n\n\n\n<figure class=\"wp-block-embed is-type-video is-provider-youtube wp-block-embed-youtube wp-embed-aspect-16-9 wp-has-aspect-ratio\"><div class=\"wp-block-embed__wrapper\">\n<iframe loading=\"lazy\" title=\"Toma con facultades UTP\" width=\"500\" height=\"281\" src=\"https:\/\/www.youtube.com\/embed\/Td_zbbhTLDc?feature=oembed\" frameborder=\"0\" allow=\"accelerometer; autoplay; clipboard-write; encrypted-media; gyroscope; picture-in-picture; web-share\" referrerpolicy=\"strict-origin-when-cross-origin\" allowfullscreen><\/iframe>\n<\/div><\/figure>\n","protected":false},"excerpt":{"rendered":"<p>Ven p\u00e9gate al Plan: Masiva asistencia a las Tomas con Facultades Hoy compartimos con la Comunidad de la Universidad Tecnol\u00f3gica [&hellip;]<\/p>\n","protected":false},"author":0,"featured_media":60347,"comment_status":"closed","ping_status":"closed","sticky":false,"template":"","format":"standard","meta":{"footnotes":""},"categories":[3],"tags":[],"class_list":["post-5011","post","type-post","status-publish","format-standard","has-post-thumbnail","hentry","category-noticias"],"_links":{"self":[{"href":"https:\/\/vicerrectorias.utp.edu.co\/responsabilidad-social\/wp-json\/wp\/v2\/posts\/5011","targetHints":{"allow":["GET"]}}],"collection":[{"href":"https:\/\/vicerrectorias.utp.edu.co\/responsabilidad-social\/wp-json\/wp\/v2\/posts"}],"about":[{"href":"https:\/\/vicerrectorias.utp.edu.co\/responsabilidad-social\/wp-json\/wp\/v2\/types\/post"}],"replies":[{"embeddable":true,"href":"https:\/\/vicerrectorias.utp.edu.co\/responsabilidad-social\/wp-json\/wp\/v2\/comments?post=5011"}],"version-history":[{"count":4,"href":"https:\/\/vicerrectorias.utp.edu.co\/responsabilidad-social\/wp-json\/wp\/v2\/posts\/5011\/revisions"}],"predecessor-version":[{"id":61336,"href":"https:\/\/vicerrectorias.utp.edu.co\/responsabilidad-social\/wp-json\/wp\/v2\/posts\/5011\/revisions\/61336"}],"wp:featuredmedia":[{"embeddable":true,"href":"https:\/\/vicerrectorias.utp.edu.co\/responsabilidad-social\/wp-json\/wp\/v2\/media\/60347"}],"wp:attachment":[{"href":"https:\/\/vicerrectorias.utp.edu.co\/responsabilidad-social\/wp-json\/wp\/v2\/media?parent=5011"}],"wp:term":[{"taxonomy":"category","embeddable":true,"href":"https:\/\/vicerrectorias.utp.edu.co\/responsabilidad-social\/wp-json\/wp\/v2\/categories?post=5011"},{"taxonomy":"post_tag","embeddable":true,"href":"https:\/\/vicerrectorias.utp.edu.co\/responsabilidad-social\/wp-json\/wp\/v2\/tags?post=5011"}],"curies":[{"name":"wp","href":"https:\/\/api.w.org\/{rel}","templated":true}]}}